{"id":1248,"date":"2020-12-24T18:13:37","date_gmt":"2020-12-24T17:13:37","guid":{"rendered":"https:\/\/creativ-ariane.fr\/?p=1248"},"modified":"2021-01-27T19:37:15","modified_gmt":"2021-01-27T18:37:15","slug":"la-nativite-en-peinture-de-la-renaissance-a-laquarelle","status":"publish","type":"post","link":"https:\/\/creativ-ariane.fr\/index.php\/2020\/12\/24\/la-nativite-en-peinture-de-la-renaissance-a-laquarelle\/","title":{"rendered":"La nativit\u00e9 en peinture : de la Renaissance \u00e0 l&rsquo;aquarelle"},"content":{"rendered":"\n<p>Pour cette f\u00eate de No\u00ebl, je vous ai con\u00e7u cette nouvelle vid\u00e9o, sous forme du r\u00e9cit de la naissance de J\u00e9sus selon l&rsquo;\u00e9vangile de Luc ch 2, en montrant en live la peinture \u00e0 l&rsquo;aquarelle des moments du voyage vers Bethl\u00e9em, de l&rsquo;annonce au bergers et de la nativit\u00e9 compl\u00e8te, avec la cr\u00e8che, Marie, Joseph, J\u00e9sus, l&rsquo;\u00e2ne et le boeuf, et les anges et bergers&#8230;. Ces moments sont \u00e9galement montr\u00e9s au travers des peintures de grands maitres de la Renaissance (et fin Moyen Age). <br>On y retrouve des tableaux de Boticelli, Filippo Lippi, Lorenzo Costa, Charles le Brun, Georges de la Tour, etc.<\/p>\n\n\n\n<p><\/p>\n\n\n\n<p>Je vous souhaite \u00e0 toutes et tous, avec votre famille, un tr\u00e8s Joyeux No\u00ebl et de belles f\u00eates, que cette petite participation apporte de la douceur et de l&rsquo;esp\u00e9rance dans cette fin d&rsquo;ann\u00e9e 2020 si particuli\u00e8re et difficile.<\/p>\n\n\n\n<p>Ariane<\/p>\n\n\n\n<figure class=\"wp-block-embed is-type-video is-provider-youtube wp-block-embed-youtube wp-embed-aspect-16-9 wp-has-aspect-ratio\"><div class=\"wp-block-embed__wrapper\">\n<iframe loading=\"lazy\" title=\"La nativite\u0301 en peinture : de la Renaissance \u00e0 l&#039;aquarelle...\" width=\"960\" height=\"540\" src=\"https:\/\/www.youtube.com\/embed\/iqNhRC1_KjM?feature=oembed\" frameborder=\"0\" allow=\"accelerometer; autoplay; clipboard-write; encrypted-media; gyroscope; picture-in-picture\" allowfullscreen><\/iframe>\n<\/div><\/figure>\n\n\n\n<p><\/p>\n","protected":false},"excerpt":{"rendered":"<p>Pour cette f\u00eate de No\u00ebl, je vous ai con\u00e7u cette nouvelle vid\u00e9o, sous forme du r\u00e9cit de la naissance de J\u00e9sus selon l&rsquo;\u00e9vangile de Luc ch 2, en montrant en live la peinture \u00e0 l&rsquo;aquarelle des moments du voyage vers Bethl\u00e9em, de l&rsquo;annonce au bergers et de la nativit\u00e9 compl\u00e8te, avec la cr\u00e8che, Marie, Joseph, J\u00e9sus, l&rsquo;\u00e2ne et le boeuf, et les anges et bergers&#8230;. Ces moments sont \u00e9galement montr\u00e9s au travers des peintures de grands maitres de la Renaissance (et fin Moyen Age). On y retrouve des tableaux de Boticelli, Filippo Lippi, Lorenzo Costa, Charles le Brun, Georges de la Tour, etc. Je vous souhaite \u00e0 toutes et tous, avec votre famille, un tr\u00e8s Joyeux No\u00ebl et de belles f\u00eates, que cette petite participation apporte de la douceur et de l&rsquo;esp\u00e9rance dans cette fin d&rsquo;ann\u00e9e 2020 si particuli\u00e8re et difficile. Ariane<\/p>\n","protected":false},"author":1,"featured_media":1250,"comment_status":"open","ping_status":"closed","sticky":false,"template":"","format":"standard","meta":{"_mo_disable_npp":"","_jetpack_memberships_contains_paid_content":false,"footnotes":""},"categories":[6,60],"tags":[],"class_list":["post-1248","post","type-post","status-publish","format-standard","has-post-thumbnail","hentry","category-aquarelle","category-noel"],"featured_image_urls_v2":{"full":["https:\/\/creativ-ariane.fr\/wp-content\/uploads\/2020\/12\/premiere-nativite\u0301-en-peinture.jpg",800,450,false],"thumbnail":["https:\/\/creativ-ariane.fr\/wp-content\/uploads\/2020\/12\/premiere-nativite\u0301-en-peinture-150x150.jpg",150,150,true],"medium":["https:\/\/creativ-ariane.fr\/wp-content\/uploads\/2020\/12\/premiere-nativite\u0301-en-peinture-300x169.jpg",300,169,true],"medium_large":["https:\/\/creativ-ariane.fr\/wp-content\/uploads\/2020\/12\/premiere-nativite\u0301-en-peinture-768x432.jpg",768,432,true],"large":["https:\/\/creativ-ariane.fr\/wp-content\/uploads\/2020\/12\/premiere-nativite\u0301-en-peinture.jpg",800,450,false],"1536x1536":["https:\/\/creativ-ariane.fr\/wp-content\/uploads\/2020\/12\/premiere-nativite\u0301-en-peinture.jpg",800,450,false],"2048x2048":["https:\/\/creativ-ariane.fr\/wp-content\/uploads\/2020\/12\/premiere-nativite\u0301-en-peinture.jpg",800,450,false],"ashe-slider-grid-thumbnail":["https:\/\/creativ-ariane.fr\/wp-content\/uploads\/2020\/12\/premiere-nativite\u0301-en-peinture-800x390.jpg",800,390,true],"ashe-full-thumbnail":["https:\/\/creativ-ariane.fr\/wp-content\/uploads\/2020\/12\/premiere-nativite\u0301-en-peinture.jpg",800,450,false],"ashe-grid-thumbnail":["https:\/\/creativ-ariane.fr\/wp-content\/uploads\/2020\/12\/premiere-nativite\u0301-en-peinture-500x281.jpg",500,281,true],"ashe-list-thumbnail":["https:\/\/creativ-ariane.fr\/wp-content\/uploads\/2020\/12\/premiere-nativite\u0301-en-peinture-300x300.jpg",300,300,true],"ashe-single-navigation":["https:\/\/creativ-ariane.fr\/wp-content\/uploads\/2020\/12\/premiere-nativite\u0301-en-peinture-75x75.jpg",75,75,true]},"post_excerpt_stackable_v2":"<p>Pour cette f\u00eate de No\u00ebl, je vous ai con\u00e7u cette nouvelle vid\u00e9o, sous forme du r\u00e9cit de la naissance de J\u00e9sus selon l&rsquo;\u00e9vangile de Luc ch 2, en montrant en live la peinture \u00e0 l&rsquo;aquarelle des moments du voyage vers Bethl\u00e9em, de l&rsquo;annonce au bergers et de la nativit\u00e9 compl\u00e8te, avec la cr\u00e8che, Marie, Joseph, J\u00e9sus, l&rsquo;\u00e2ne et le boeuf, et les anges et bergers&#8230;. Ces moments sont \u00e9galement montr\u00e9s au travers des peintures de grands maitres de la Renaissance (et fin Moyen Age). On y retrouve des tableaux de Boticelli, Filippo Lippi, Lorenzo Costa, Charles le Brun, Georges de\u2026<\/p>\n","category_list_v2":"<a href=\"https:\/\/creativ-ariane.fr\/index.php\/category\/aquarelle\/\" rel=\"category tag\">Aquarelle<\/a>, <a href=\"https:\/\/creativ-ariane.fr\/index.php\/category\/noel\/\" rel=\"category tag\">No\u00ebl<\/a>","author_info_v2":{"name":"Creativ'Ariane","url":"https:\/\/creativ-ariane.fr\/index.php\/author\/admin6017\/"},"comments_num_v2":"0 commentaire","yoast_head":"<!-- This site is optimized with the Yoast SEO plugin v27.5 - https:\/\/yoast.com\/product\/yoast-seo-wordpress\/ -->\n<title>La nativit\u00e9 en peinture : de la Renaissance \u00e0 l&#039;aquarelle - Creativ&#039;Ariane<\/title>\n<meta name=\"description\" content=\"Le r\u00e9cit de la naissance de J\u00e9sus illustr\u00e9 en aquarelle et la Nativit\u00e9 d&#039;apr\u00e8s des peintres de la Renaissance avec le voyage vers Bethl\u00e9em, l&#039;adoration des bergers, etc.\" \/>\n<meta name=\"robots\" content=\"index, follow, max-snippet:-1, max-image-preview:large, max-video-preview:-1\" \/>\n<link rel=\"canonical\" href=\"https:\/\/creativ-ariane.fr\/index.php\/2020\/12\/24\/la-nativite-en-peinture-de-la-renaissance-a-laquarelle\/\" \/>\n<meta property=\"og:locale\" content=\"fr_FR\" \/>\n<meta property=\"og:type\" content=\"article\" \/>\n<meta property=\"og:title\" content=\"La nativit\u00e9 en peinture : de la Renaissance \u00e0 l&#039;aquarelle - Creativ&#039;Ariane\" \/>\n<meta property=\"og:description\" content=\"Le r\u00e9cit de la naissance de J\u00e9sus illustr\u00e9 en aquarelle et la Nativit\u00e9 d&#039;apr\u00e8s des peintres de la Renaissance avec le voyage vers Bethl\u00e9em, l&#039;adoration des bergers, etc.\" \/>\n<meta property=\"og:url\" content=\"https:\/\/creativ-ariane.fr\/index.php\/2020\/12\/24\/la-nativite-en-peinture-de-la-renaissance-a-laquarelle\/\" \/>\n<meta property=\"og:site_name\" content=\"Creativ&#039;Ariane\" \/>\n<meta property=\"article:published_time\" content=\"2020-12-24T17:13:37+00:00\" \/>\n<meta property=\"article:modified_time\" content=\"2021-01-27T18:37:15+00:00\" \/>\n<meta property=\"og:image\" content=\"https:\/\/creativ-ariane.fr\/wp-content\/uploads\/2020\/12\/premiere-nativite\u0301-en-peinture.jpg\" \/>\n\t<meta property=\"og:image:width\" content=\"800\" \/>\n\t<meta property=\"og:image:height\" content=\"450\" \/>\n\t<meta property=\"og:image:type\" content=\"image\/jpeg\" \/>\n<meta name=\"author\" content=\"Creativ&#039;Ariane\" \/>\n<meta name=\"twitter:card\" content=\"summary_large_image\" \/>\n<meta name=\"twitter:label1\" content=\"\u00c9crit par\" \/>\n\t<meta name=\"twitter:data1\" content=\"Creativ&#039;Ariane\" \/>\n\t<meta name=\"twitter:label2\" content=\"Dur\u00e9e de lecture estim\u00e9e\" \/>\n\t<meta name=\"twitter:data2\" content=\"1 minute\" \/>\n<script type=\"application\/ld+json\" class=\"yoast-schema-graph\">{\"@context\":\"https:\\\/\\\/schema.org\",\"@graph\":[{\"@type\":\"Article\",\"@id\":\"https:\\\/\\\/creativ-ariane.fr\\\/index.php\\\/2020\\\/12\\\/24\\\/la-nativite-en-peinture-de-la-renaissance-a-laquarelle\\\/#article\",\"isPartOf\":{\"@id\":\"https:\\\/\\\/creativ-ariane.fr\\\/index.php\\\/2020\\\/12\\\/24\\\/la-nativite-en-peinture-de-la-renaissance-a-laquarelle\\\/\"},\"author\":{\"name\":\"Creativ'Ariane\",\"@id\":\"https:\\\/\\\/creativ-ariane.fr\\\/#\\\/schema\\\/person\\\/1befd623fcab198cb8ce79dca25545e4\"},\"headline\":\"La nativit\u00e9 en peinture : de la Renaissance \u00e0 l&rsquo;aquarelle\",\"datePublished\":\"2020-12-24T17:13:37+00:00\",\"dateModified\":\"2021-01-27T18:37:15+00:00\",\"mainEntityOfPage\":{\"@id\":\"https:\\\/\\\/creativ-ariane.fr\\\/index.php\\\/2020\\\/12\\\/24\\\/la-nativite-en-peinture-de-la-renaissance-a-laquarelle\\\/\"},\"wordCount\":170,\"commentCount\":0,\"publisher\":{\"@id\":\"https:\\\/\\\/creativ-ariane.fr\\\/#\\\/schema\\\/person\\\/1befd623fcab198cb8ce79dca25545e4\"},\"image\":{\"@id\":\"https:\\\/\\\/creativ-ariane.fr\\\/index.php\\\/2020\\\/12\\\/24\\\/la-nativite-en-peinture-de-la-renaissance-a-laquarelle\\\/#primaryimage\"},\"thumbnailUrl\":\"https:\\\/\\\/creativ-ariane.fr\\\/wp-content\\\/uploads\\\/2020\\\/12\\\/premiere-nativite\u0301-en-peinture.jpg\",\"articleSection\":[\"Aquarelle\",\"No\u00ebl\"],\"inLanguage\":\"fr-FR\",\"potentialAction\":[{\"@type\":\"CommentAction\",\"name\":\"Comment\",\"target\":[\"https:\\\/\\\/creativ-ariane.fr\\\/index.php\\\/2020\\\/12\\\/24\\\/la-nativite-en-peinture-de-la-renaissance-a-laquarelle\\\/#respond\"]}]},{\"@type\":\"WebPage\",\"@id\":\"https:\\\/\\\/creativ-ariane.fr\\\/index.php\\\/2020\\\/12\\\/24\\\/la-nativite-en-peinture-de-la-renaissance-a-laquarelle\\\/\",\"url\":\"https:\\\/\\\/creativ-ariane.fr\\\/index.php\\\/2020\\\/12\\\/24\\\/la-nativite-en-peinture-de-la-renaissance-a-laquarelle\\\/\",\"name\":\"La nativit\u00e9 en peinture : de la Renaissance \u00e0 l'aquarelle - Creativ&#039;Ariane\",\"isPartOf\":{\"@id\":\"https:\\\/\\\/creativ-ariane.fr\\\/#website\"},\"primaryImageOfPage\":{\"@id\":\"https:\\\/\\\/creativ-ariane.fr\\\/index.php\\\/2020\\\/12\\\/24\\\/la-nativite-en-peinture-de-la-renaissance-a-laquarelle\\\/#primaryimage\"},\"image\":{\"@id\":\"https:\\\/\\\/creativ-ariane.fr\\\/index.php\\\/2020\\\/12\\\/24\\\/la-nativite-en-peinture-de-la-renaissance-a-laquarelle\\\/#primaryimage\"},\"thumbnailUrl\":\"https:\\\/\\\/creativ-ariane.fr\\\/wp-content\\\/uploads\\\/2020\\\/12\\\/premiere-nativite\u0301-en-peinture.jpg\",\"datePublished\":\"2020-12-24T17:13:37+00:00\",\"dateModified\":\"2021-01-27T18:37:15+00:00\",\"description\":\"Le r\u00e9cit de la naissance de J\u00e9sus illustr\u00e9 en aquarelle et la Nativit\u00e9 d'apr\u00e8s des peintres de la Renaissance avec le voyage vers Bethl\u00e9em, l'adoration des bergers, etc.\",\"breadcrumb\":{\"@id\":\"https:\\\/\\\/creativ-ariane.fr\\\/index.php\\\/2020\\\/12\\\/24\\\/la-nativite-en-peinture-de-la-renaissance-a-laquarelle\\\/#breadcrumb\"},\"inLanguage\":\"fr-FR\",\"potentialAction\":[{\"@type\":\"ReadAction\",\"target\":[\"https:\\\/\\\/creativ-ariane.fr\\\/index.php\\\/2020\\\/12\\\/24\\\/la-nativite-en-peinture-de-la-renaissance-a-laquarelle\\\/\"]}]},{\"@type\":\"ImageObject\",\"inLanguage\":\"fr-FR\",\"@id\":\"https:\\\/\\\/creativ-ariane.fr\\\/index.php\\\/2020\\\/12\\\/24\\\/la-nativite-en-peinture-de-la-renaissance-a-laquarelle\\\/#primaryimage\",\"url\":\"https:\\\/\\\/creativ-ariane.fr\\\/wp-content\\\/uploads\\\/2020\\\/12\\\/premiere-nativite\u0301-en-peinture.jpg\",\"contentUrl\":\"https:\\\/\\\/creativ-ariane.fr\\\/wp-content\\\/uploads\\\/2020\\\/12\\\/premiere-nativite\u0301-en-peinture.jpg\",\"width\":800,\"height\":450},{\"@type\":\"BreadcrumbList\",\"@id\":\"https:\\\/\\\/creativ-ariane.fr\\\/index.php\\\/2020\\\/12\\\/24\\\/la-nativite-en-peinture-de-la-renaissance-a-laquarelle\\\/#breadcrumb\",\"itemListElement\":[{\"@type\":\"ListItem\",\"position\":1,\"name\":\"Accueil\",\"item\":\"https:\\\/\\\/creativ-ariane.fr\\\/\"},{\"@type\":\"ListItem\",\"position\":2,\"name\":\"La nativit\u00e9 en peinture : de la Renaissance \u00e0 l&rsquo;aquarelle\"}]},{\"@type\":\"WebSite\",\"@id\":\"https:\\\/\\\/creativ-ariane.fr\\\/#website\",\"url\":\"https:\\\/\\\/creativ-ariane.fr\\\/\",\"name\":\"Creativ-Ariane\",\"description\":\"Des tutos dessin, aquarelle et scrapbooking et histoires des fleurs et voyages\",\"publisher\":{\"@id\":\"https:\\\/\\\/creativ-ariane.fr\\\/#\\\/schema\\\/person\\\/1befd623fcab198cb8ce79dca25545e4\"},\"potentialAction\":[{\"@type\":\"SearchAction\",\"target\":{\"@type\":\"EntryPoint\",\"urlTemplate\":\"https:\\\/\\\/creativ-ariane.fr\\\/?s={search_term_string}\"},\"query-input\":{\"@type\":\"PropertyValueSpecification\",\"valueRequired\":true,\"valueName\":\"search_term_string\"}}],\"inLanguage\":\"fr-FR\"},{\"@type\":[\"Person\",\"Organization\"],\"@id\":\"https:\\\/\\\/creativ-ariane.fr\\\/#\\\/schema\\\/person\\\/1befd623fcab198cb8ce79dca25545e4\",\"name\":\"Creativ'Ariane\",\"image\":{\"@type\":\"ImageObject\",\"inLanguage\":\"fr-FR\",\"@id\":\"https:\\\/\\\/creativ-ariane.fr\\\/wp-content\\\/uploads\\\/2020\\\/08\\\/cropped-logo-1-creativ-ariane-1.png\",\"url\":\"https:\\\/\\\/creativ-ariane.fr\\\/wp-content\\\/uploads\\\/2020\\\/08\\\/cropped-logo-1-creativ-ariane-1.png\",\"contentUrl\":\"https:\\\/\\\/creativ-ariane.fr\\\/wp-content\\\/uploads\\\/2020\\\/08\\\/cropped-logo-1-creativ-ariane-1.png\",\"width\":1496,\"height\":572,\"caption\":\"Creativ'Ariane\"},\"logo\":{\"@id\":\"https:\\\/\\\/creativ-ariane.fr\\\/wp-content\\\/uploads\\\/2020\\\/08\\\/cropped-logo-1-creativ-ariane-1.png\"},\"description\":\"ARIANE, EDITRICE DE CONTENU De formation artistique et digitale, je vous emm\u00e8ne dans ma passion des histoires de fleurs et de voyage, mais aussi dans l\u2019art pour mieux les d\u00e9couvrir et apprendre \u00e0 les peindre.\",\"sameAs\":[\"https:\\\/\\\/www.youtube.com\\\/channel\\\/UCfK82o7zAGaBsr2CnZsMA-w\"]}]}<\/script>\n<!-- \/ Yoast SEO plugin. -->","yoast_head_json":{"title":"La nativit\u00e9 en peinture : de la Renaissance \u00e0 l'aquarelle - Creativ&#039;Ariane","description":"Le r\u00e9cit de la naissance de J\u00e9sus illustr\u00e9 en aquarelle et la Nativit\u00e9 d'apr\u00e8s des peintres de la Renaissance avec le voyage vers Bethl\u00e9em, l'adoration des bergers, etc.","robots":{"index":"index","follow":"follow","max-snippet":"max-snippet:-1","max-image-preview":"max-image-preview:large","max-video-preview":"max-video-preview:-1"},"canonical":"https:\/\/creativ-ariane.fr\/index.php\/2020\/12\/24\/la-nativite-en-peinture-de-la-renaissance-a-laquarelle\/","og_locale":"fr_FR","og_type":"article","og_title":"La nativit\u00e9 en peinture : de la Renaissance \u00e0 l'aquarelle - Creativ&#039;Ariane","og_description":"Le r\u00e9cit de la naissance de J\u00e9sus illustr\u00e9 en aquarelle et la Nativit\u00e9 d'apr\u00e8s des peintres de la Renaissance avec le voyage vers Bethl\u00e9em, l'adoration des bergers, etc.","og_url":"https:\/\/creativ-ariane.fr\/index.php\/2020\/12\/24\/la-nativite-en-peinture-de-la-renaissance-a-laquarelle\/","og_site_name":"Creativ&#039;Ariane","article_published_time":"2020-12-24T17:13:37+00:00","article_modified_time":"2021-01-27T18:37:15+00:00","og_image":[{"width":800,"height":450,"url":"https:\/\/creativ-ariane.fr\/wp-content\/uploads\/2020\/12\/premiere-nativite\u0301-en-peinture.jpg","type":"image\/jpeg"}],"author":"Creativ'Ariane","twitter_card":"summary_large_image","twitter_misc":{"\u00c9crit par":"Creativ'Ariane","Dur\u00e9e de lecture estim\u00e9e":"1 minute"},"schema":{"@context":"https:\/\/schema.org","@graph":[{"@type":"Article","@id":"https:\/\/creativ-ariane.fr\/index.php\/2020\/12\/24\/la-nativite-en-peinture-de-la-renaissance-a-laquarelle\/#article","isPartOf":{"@id":"https:\/\/creativ-ariane.fr\/index.php\/2020\/12\/24\/la-nativite-en-peinture-de-la-renaissance-a-laquarelle\/"},"author":{"name":"Creativ'Ariane","@id":"https:\/\/creativ-ariane.fr\/#\/schema\/person\/1befd623fcab198cb8ce79dca25545e4"},"headline":"La nativit\u00e9 en peinture : de la Renaissance \u00e0 l&rsquo;aquarelle","datePublished":"2020-12-24T17:13:37+00:00","dateModified":"2021-01-27T18:37:15+00:00","mainEntityOfPage":{"@id":"https:\/\/creativ-ariane.fr\/index.php\/2020\/12\/24\/la-nativite-en-peinture-de-la-renaissance-a-laquarelle\/"},"wordCount":170,"commentCount":0,"publisher":{"@id":"https:\/\/creativ-ariane.fr\/#\/schema\/person\/1befd623fcab198cb8ce79dca25545e4"},"image":{"@id":"https:\/\/creativ-ariane.fr\/index.php\/2020\/12\/24\/la-nativite-en-peinture-de-la-renaissance-a-laquarelle\/#primaryimage"},"thumbnailUrl":"https:\/\/creativ-ariane.fr\/wp-content\/uploads\/2020\/12\/premiere-nativite\u0301-en-peinture.jpg","articleSection":["Aquarelle","No\u00ebl"],"inLanguage":"fr-FR","potentialAction":[{"@type":"CommentAction","name":"Comment","target":["https:\/\/creativ-ariane.fr\/index.php\/2020\/12\/24\/la-nativite-en-peinture-de-la-renaissance-a-laquarelle\/#respond"]}]},{"@type":"WebPage","@id":"https:\/\/creativ-ariane.fr\/index.php\/2020\/12\/24\/la-nativite-en-peinture-de-la-renaissance-a-laquarelle\/","url":"https:\/\/creativ-ariane.fr\/index.php\/2020\/12\/24\/la-nativite-en-peinture-de-la-renaissance-a-laquarelle\/","name":"La nativit\u00e9 en peinture : de la Renaissance \u00e0 l'aquarelle - Creativ&#039;Ariane","isPartOf":{"@id":"https:\/\/creativ-ariane.fr\/#website"},"primaryImageOfPage":{"@id":"https:\/\/creativ-ariane.fr\/index.php\/2020\/12\/24\/la-nativite-en-peinture-de-la-renaissance-a-laquarelle\/#primaryimage"},"image":{"@id":"https:\/\/creativ-ariane.fr\/index.php\/2020\/12\/24\/la-nativite-en-peinture-de-la-renaissance-a-laquarelle\/#primaryimage"},"thumbnailUrl":"https:\/\/creativ-ariane.fr\/wp-content\/uploads\/2020\/12\/premiere-nativite\u0301-en-peinture.jpg","datePublished":"2020-12-24T17:13:37+00:00","dateModified":"2021-01-27T18:37:15+00:00","description":"Le r\u00e9cit de la naissance de J\u00e9sus illustr\u00e9 en aquarelle et la Nativit\u00e9 d'apr\u00e8s des peintres de la Renaissance avec le voyage vers Bethl\u00e9em, l'adoration des bergers, etc.","breadcrumb":{"@id":"https:\/\/creativ-ariane.fr\/index.php\/2020\/12\/24\/la-nativite-en-peinture-de-la-renaissance-a-laquarelle\/#breadcrumb"},"inLanguage":"fr-FR","potentialAction":[{"@type":"ReadAction","target":["https:\/\/creativ-ariane.fr\/index.php\/2020\/12\/24\/la-nativite-en-peinture-de-la-renaissance-a-laquarelle\/"]}]},{"@type":"ImageObject","inLanguage":"fr-FR","@id":"https:\/\/creativ-ariane.fr\/index.php\/2020\/12\/24\/la-nativite-en-peinture-de-la-renaissance-a-laquarelle\/#primaryimage","url":"https:\/\/creativ-ariane.fr\/wp-content\/uploads\/2020\/12\/premiere-nativite\u0301-en-peinture.jpg","contentUrl":"https:\/\/creativ-ariane.fr\/wp-content\/uploads\/2020\/12\/premiere-nativite\u0301-en-peinture.jpg","width":800,"height":450},{"@type":"BreadcrumbList","@id":"https:\/\/creativ-ariane.fr\/index.php\/2020\/12\/24\/la-nativite-en-peinture-de-la-renaissance-a-laquarelle\/#breadcrumb","itemListElement":[{"@type":"ListItem","position":1,"name":"Accueil","item":"https:\/\/creativ-ariane.fr\/"},{"@type":"ListItem","position":2,"name":"La nativit\u00e9 en peinture : de la Renaissance \u00e0 l&rsquo;aquarelle"}]},{"@type":"WebSite","@id":"https:\/\/creativ-ariane.fr\/#website","url":"https:\/\/creativ-ariane.fr\/","name":"Creativ-Ariane","description":"Des tutos dessin, aquarelle et scrapbooking et histoires des fleurs et voyages","publisher":{"@id":"https:\/\/creativ-ariane.fr\/#\/schema\/person\/1befd623fcab198cb8ce79dca25545e4"},"potentialAction":[{"@type":"SearchAction","target":{"@type":"EntryPoint","urlTemplate":"https:\/\/creativ-ariane.fr\/?s={search_term_string}"},"query-input":{"@type":"PropertyValueSpecification","valueRequired":true,"valueName":"search_term_string"}}],"inLanguage":"fr-FR"},{"@type":["Person","Organization"],"@id":"https:\/\/creativ-ariane.fr\/#\/schema\/person\/1befd623fcab198cb8ce79dca25545e4","name":"Creativ'Ariane","image":{"@type":"ImageObject","inLanguage":"fr-FR","@id":"https:\/\/creativ-ariane.fr\/wp-content\/uploads\/2020\/08\/cropped-logo-1-creativ-ariane-1.png","url":"https:\/\/creativ-ariane.fr\/wp-content\/uploads\/2020\/08\/cropped-logo-1-creativ-ariane-1.png","contentUrl":"https:\/\/creativ-ariane.fr\/wp-content\/uploads\/2020\/08\/cropped-logo-1-creativ-ariane-1.png","width":1496,"height":572,"caption":"Creativ'Ariane"},"logo":{"@id":"https:\/\/creativ-ariane.fr\/wp-content\/uploads\/2020\/08\/cropped-logo-1-creativ-ariane-1.png"},"description":"ARIANE, EDITRICE DE CONTENU De formation artistique et digitale, je vous emm\u00e8ne dans ma passion des histoires de fleurs et de voyage, mais aussi dans l\u2019art pour mieux les d\u00e9couvrir et apprendre \u00e0 les peindre.","sameAs":["https:\/\/www.youtube.com\/channel\/UCfK82o7zAGaBsr2CnZsMA-w"]}]}},"jetpack_featured_media_url":"https:\/\/creativ-ariane.fr\/wp-content\/uploads\/2020\/12\/premiere-nativite\u0301-en-peinture.jpg","acf":[],"jetpack_sharing_enabled":true,"_links":{"self":[{"href":"https:\/\/creativ-ariane.fr\/index.php\/wp-json\/wp\/v2\/posts\/1248","targetHints":{"allow":["GET"]}}],"collection":[{"href":"https:\/\/creativ-ariane.fr\/index.php\/wp-json\/wp\/v2\/posts"}],"about":[{"href":"https:\/\/creativ-ariane.fr\/index.php\/wp-json\/wp\/v2\/types\/post"}],"author":[{"embeddable":true,"href":"https:\/\/creativ-ariane.fr\/index.php\/wp-json\/wp\/v2\/users\/1"}],"replies":[{"embeddable":true,"href":"https:\/\/creativ-ariane.fr\/index.php\/wp-json\/wp\/v2\/comments?post=1248"}],"version-history":[{"count":2,"href":"https:\/\/creativ-ariane.fr\/index.php\/wp-json\/wp\/v2\/posts\/1248\/revisions"}],"predecessor-version":[{"id":1461,"href":"https:\/\/creativ-ariane.fr\/index.php\/wp-json\/wp\/v2\/posts\/1248\/revisions\/1461"}],"wp:featuredmedia":[{"embeddable":true,"href":"https:\/\/creativ-ariane.fr\/index.php\/wp-json\/wp\/v2\/media\/1250"}],"wp:attachment":[{"href":"https:\/\/creativ-ariane.fr\/index.php\/wp-json\/wp\/v2\/media?parent=1248"}],"wp:term":[{"taxonomy":"category","embeddable":true,"href":"https:\/\/creativ-ariane.fr\/index.php\/wp-json\/wp\/v2\/categories?post=1248"},{"taxonomy":"post_tag","embeddable":true,"href":"https:\/\/creativ-ariane.fr\/index.php\/wp-json\/wp\/v2\/tags?post=1248"}],"curies":[{"name":"wp","href":"https:\/\/api.w.org\/{rel}","templated":true}]}}