{"id":2815,"date":"2022-02-09T11:00:47","date_gmt":"2022-02-09T10:00:47","guid":{"rendered":"https:\/\/creativ-ariane.fr\/?p=2815"},"modified":"2025-02-03T12:56:41","modified_gmt":"2025-02-03T11:56:41","slug":"journal-de-jardin-7-hiver-fiches-soins","status":"publish","type":"post","link":"https:\/\/creativ-ariane.fr\/index.php\/2022\/02\/09\/journal-de-jardin-7-hiver-fiches-soins\/","title":{"rendered":"Journal de jardin # 7 &#8211; Hiver fiches soins"},"content":{"rendered":"\n<p>Pourquoi ce journal de jardin ? Quelle utilit\u00e9 ?<\/p>\n\n\n\n<p>J&rsquo;ai d\u00e9marr\u00e9 en mars 2021 ce journal de jardin parce que, en tant que jardini\u00e8re amateure, passionn\u00e9e,  je me suis vite retrouv\u00e9e noy\u00e9e sous les tonnes d&rsquo;informations lues dans des livres ou magazines, donn\u00e9es par des amis, etc. Il m&rsquo;est apparu \u00e9vident, et surtout de part mon exp\u00e9rience professionnelle, d&rsquo;\u00eatre bien organis\u00e9e, et de r\u00e9aliser un journal, v\u00e9ritable carnet de bord de mon jardin qui me fera gagner du temps.  <\/p>\n\n\n\n<p>J&rsquo;ai donc invent\u00e9 et cr\u00e9\u00e9 ce journal et vous l&rsquo;ai partag\u00e9 aux cours de ces tutos. J&rsquo;esp\u00e8re qu&rsquo;il vous aura \u00e9t\u00e9 utile. Dans cette derni\u00e8re vid\u00e9o, je vous propose des fiches concernant les soins aux plantes.<\/p>\n\n\n\n<p><\/p>\n\n\n\n<p>Comme j&rsquo;aime l&rsquo;aquarelle, je vous montre comment r\u00e9aliser une illustration \u00e0 chaque saison avec des motifs qui serviront \u00e0 illustrer et personnaliser le journal, fa\u00e7on bullet journal.<\/p>\n\n\n\n<p>Ici nous allons voir quelques jolies fleurs de ces mois d&rsquo;hiver, des branches avec des baies &#8230; <\/p>\n\n\n\n<p><\/p>\n\n\n\n<p>N&rsquo;h\u00e9sitez pas \u00e0 me donner vos retours et commentaires ou me contacter si vous voyez encore un domaine que je n&rsquo;ai pas abord\u00e9 et qui serait int\u00e9ressant \u00e0 traiter.<\/p>\n\n\n\n<p>Voici le lien vers <a href=\"https:\/\/youtu.be\/DndV-aYNq-A\">la vid\u00e9o <\/a>(ou sur l&rsquo;image ci-dessous) et plus bas dans l&rsquo;article vous trouverez une explication \u00e9crite ainsi que les dessins \u00e0 t\u00e9l\u00e9charger.<\/p>\n\n\n\n<p>Belle d\u00e9couverte et tr\u00e8s bonne ann\u00e9e au jardin. Bises Ariane<\/p>\n\n\n\n<div class=\"alignfull wp-block-ugb-video-popup ugb-video-popup ugb-1699d6f ugb-video-popup--v3 ugb-main-block ugb-main-block--inner-wide ugb--has-block-background\"><style>.ugb-1699d6f .ugb-video-popup__wrapper{border-radius:0px;background-color:var(u002du002dstk-global-color-58632,#ffffff);background-image:url(https:\/\/creativ-ariane.fr\/wp-content\/uploads\/2022\/02\/Miniatures-journal-de-jardin-soins-tuto-7-copie.jpg)}.ugb-1699d6f .ugb-video-popup__play-button svg{fill:#050505 !important;height:71px;width:71px;opacity:1}.ugb-1699d6f .ugb-video-popup__wrapper:before{background-color:var(u002du002dstk-global-color-58632,#ffffff);opacity:0.4}.ugb-1699d6f .ugb-video-popup__wrapper:hover:before{opacity:0.7}<\/style><div class=\"ugb-inner-block ugb-inner-block--wide\"><div class=\"ugb-block-content\"><div class=\"ugb-video-popup__wrapper ugb--has-background-overlay\" data-video=\"DndV-aYNq-A\"><button class=\"ugb-video-popup__overlay\" aria-label=\"Play\"><span class=\"ugb-video-popup__play-button\"><svg xmlns=\"http:\/\/www.w3.org\/2000\/svg\" viewBox=\"0 0 40 40\" class=\"ugb-play-button-cirle\" width=\"50\" height=\"50\"><path d=\"M16 29l12-9-12-9v18zm4-29C8.95 0 0 8.95 0 20s8.95 20 20 20 20-8.95 20-20S31.05 0 20 0zm0 36c-8.82 0-16-7.18-16-16S11.18 4 20 4s16 7.18 16 16-7.18 16-16 16z\"><\/path><\/svg><\/span><\/button><\/div><\/div><\/div><\/div>\n\n\n\n<h2 class=\"wp-block-heading\" data-block-type=\"core\">Mat\u00e9riel<\/h2>\n\n\n\n<p>Papier aquarelle ou dessin, un feutre ind\u00e9l\u00e9bile, des aquarelles ou crayons<\/p>\n\n\n\n<p>Le journal de jardin au format A5, avec intercalaires et pages lign\u00e9es, quadrill\u00e9es, pointill\u00e9es<\/p>\n\n\n\n<h1 class=\"wp-block-heading\" data-block-type=\"core\">1. Fiches soin et recette<\/h1>\n\n\n\n<figure class=\"wp-block-image size-full\" data-block-type=\"core\"><img loading=\"lazy\" decoding=\"async\" width=\"800\" height=\"500\" src=\"https:\/\/creativ-ariane.fr\/wp-content\/uploads\/2022\/02\/pucerons.jpg\" alt=\"\" class=\"wp-image-2834\" srcset=\"https:\/\/creativ-ariane.fr\/wp-content\/uploads\/2022\/02\/pucerons.jpg 800w, https:\/\/creativ-ariane.fr\/wp-content\/uploads\/2022\/02\/pucerons-300x188.jpg 300w, https:\/\/creativ-ariane.fr\/wp-content\/uploads\/2022\/02\/pucerons-768x480.jpg 768w\" sizes=\"auto, (max-width: 800px) 100vw, 800px\" \/><\/figure>\n\n\n\n<p>Parce que nos plantes peuvent tomber malades, \u00eatre attaqu\u00e9es par des ravageurs, jaunir, noircir, etc, il est n\u00e9cessaire d&rsquo;en prendre soin, de les traiter de la fa\u00e7on la plus naturelle possible. Ces fiches seront un lieu de r\u00e9colte de vos probl\u00e8mes et solutions, de vos recettes astuces, des \u00e9l\u00e9ments naturels que vous avez pu test\u00e9s avec succ\u00e8s.<\/p>\n\n\n\n<p>Je vous propose deux fiches qui sont constitu\u00e9es de tableaux reprenant les informations importantes. <\/p>\n\n\n\n<figure class=\"wp-block-image size-full\" data-block-type=\"core\"><img loading=\"lazy\" decoding=\"async\" width=\"800\" height=\"450\" src=\"https:\/\/creativ-ariane.fr\/wp-content\/uploads\/2022\/02\/10-copie.jpg\" alt=\"\" class=\"wp-image-2827\" srcset=\"https:\/\/creativ-ariane.fr\/wp-content\/uploads\/2022\/02\/10-copie.jpg 800w, https:\/\/creativ-ariane.fr\/wp-content\/uploads\/2022\/02\/10-copie-300x169.jpg 300w, https:\/\/creativ-ariane.fr\/wp-content\/uploads\/2022\/02\/10-copie-768x432.jpg 768w, https:\/\/creativ-ariane.fr\/wp-content\/uploads\/2022\/02\/10-copie-500x281.jpg 500w\" sizes=\"auto, (max-width: 800px) 100vw, 800px\" \/><\/figure>\n\n\n\n<figure class=\"wp-block-image size-full\" data-block-type=\"core\"><img loading=\"lazy\" decoding=\"async\" width=\"800\" height=\"600\" src=\"https:\/\/creativ-ariane.fr\/wp-content\/uploads\/2022\/02\/deux-fiche-seules.jpg\" alt=\"\" class=\"wp-image-2826\" srcset=\"https:\/\/creativ-ariane.fr\/wp-content\/uploads\/2022\/02\/deux-fiche-seules.jpg 800w, https:\/\/creativ-ariane.fr\/wp-content\/uploads\/2022\/02\/deux-fiche-seules-300x225.jpg 300w, https:\/\/creativ-ariane.fr\/wp-content\/uploads\/2022\/02\/deux-fiche-seules-768x576.jpg 768w\" sizes=\"auto, (max-width: 800px) 100vw, 800px\" \/><\/figure>\n\n\n\n<p>Pour les soins : la fiche concerne une plante en particulier (un arbuste, une fleur etc), avec son emplacement au jardin  (ou interieur)et le rond en haut \u00e0 droite sert \u00e0 noter son num\u00e9ro en lien avec <a href=\"https:\/\/creativ-ariane.fr\/index.php\/2021\/05\/05\/comment-dessiner-le-plan-de-son-jardin\/\">les plans <\/a>et <a href=\"https:\/\/creativ-ariane.fr\/index.php\/2021\/06\/06\/realiser-une-fiche-plante-pour-le-journal-de-jardin-4\/\">fiches plantes<\/a>. Je vous invite \u00e0 revoir les vid\u00e9os sur ces sujets.<\/p>\n\n\n\n<p>Ensuite un tableau avec les probl\u00e8mes rencontr\u00e9s et les solutions \u00e0 tester ou qui ont bien fonctionn\u00e9.<\/p>\n\n\n\n<p><\/p>\n\n\n\n<p>Pour la fiche recette : reprenez ici les ingr\u00e9dients d&rsquo;une recette (par ex. purin d&rsquo;ortie) ou bien un \u00e9l\u00e9ment naturel comme le marc de caf\u00e9 , en quoi est-il utile ? son utilisation, les plantes concern\u00e9es.<\/p>\n\n\n\n<h4 class=\"wp-block-heading\" data-block-type=\"core\">Illustration \u00ab\u00a0soins\u00a0\u00bb<\/h4>\n\n\n\n<p>Et voici l&rsquo;illustration que j&rsquo;ai r\u00e9alis\u00e9e pour d\u00e9marrer cette nouvelle partie de notre journal. Des mains prenant soin d&rsquo;une plante. (Dessin \u00e0 t\u00e9l\u00e9charger ci-dessous) Je l&rsquo;ai r\u00e9alis\u00e9e au feutre ind\u00e9l\u00e9bile et peint \u00e0 l&rsquo;aquarelle.<\/p>\n\n\n\n<figure class=\"wp-block-image size-full\" data-block-type=\"core\"><img loading=\"lazy\" decoding=\"async\" width=\"566\" height=\"800\" src=\"https:\/\/creativ-ariane.fr\/wp-content\/uploads\/2022\/02\/illustration-soin-copie.jpg\" alt=\"\" class=\"wp-image-2829\" srcset=\"https:\/\/creativ-ariane.fr\/wp-content\/uploads\/2022\/02\/illustration-soin-copie.jpg 566w, https:\/\/creativ-ariane.fr\/wp-content\/uploads\/2022\/02\/illustration-soin-copie-212x300.jpg 212w\" sizes=\"auto, (max-width: 566px) 100vw, 566px\" \/><\/figure>\n\n\n\n<h1 class=\"wp-block-heading\" data-block-type=\"core\">2. Illustration hiver et pages actions des mois d&rsquo;hiver<\/h1>\n\n\n\n<figure class=\"wp-block-image size-full\" data-block-type=\"core\"><img loading=\"lazy\" decoding=\"async\" width=\"566\" height=\"800\" src=\"https:\/\/creativ-ariane.fr\/wp-content\/uploads\/2022\/02\/illustration-en-reduit.jpg\" alt=\"\" class=\"wp-image-2828\" srcset=\"https:\/\/creativ-ariane.fr\/wp-content\/uploads\/2022\/02\/illustration-en-reduit.jpg 566w, https:\/\/creativ-ariane.fr\/wp-content\/uploads\/2022\/02\/illustration-en-reduit-212x300.jpg 212w\" sizes=\"auto, (max-width: 566px) 100vw, 566px\" \/><\/figure>\n\n\n\n<p>Comme \u00e0 chaque saison je vous propose de r\u00e9aliser une illustration pour d\u00e9marrer les pages des mois ici d\u00e9cembre , janvier et f\u00e9vrier.<\/p>\n\n\n\n<p>Cette illustration se compose de fleurs du moments comme des h\u00e9ll\u00e9bores, du jasmin d&rsquo;hiver, de la bruy\u00e8re, du houx, des branches de baies rouges et une niche \u00e0 oiseaux.<\/p>\n\n\n\n<p><\/p>\n\n\n\n<p>Et je vous montre ci-dessous comment les utiliser seules dans des pages actions du mois.<\/p>\n\n\n\n<p>Pour vous rappeler le fonctionnement des pages actions je vous invite \u00e0 revoir <a href=\"https:\/\/creativ-ariane.fr\/index.php\/2021\/03\/31\/comment-realiser-un-journal-de-jardin-2-les-semis\/\">le tuto 1 sur l&rsquo;organisation g\u00e9n\u00e9rale<\/a>.<\/p>\n\n\n\n<p><\/p>\n\n\n\n<p>Et bien voil\u00e0 notre journal de jardin est complet, je vous souhaite beaucoup de plaisir au jardin et vive le printemps \u00e0 venir. <\/p>\n\n\n\n<figure class=\"wp-block-image size-full is-resized\" data-block-type=\"core\"><img loading=\"lazy\" decoding=\"async\" width=\"800\" height=\"600\" src=\"https:\/\/creativ-ariane.fr\/wp-content\/uploads\/2022\/02\/deux-pages-actions-fevrier.jpg\" alt=\"\" class=\"wp-image-2835\" style=\"width:840px;height:auto\" srcset=\"https:\/\/creativ-ariane.fr\/wp-content\/uploads\/2022\/02\/deux-pages-actions-fevrier.jpg 800w, https:\/\/creativ-ariane.fr\/wp-content\/uploads\/2022\/02\/deux-pages-actions-fevrier-300x225.jpg 300w, https:\/\/creativ-ariane.fr\/wp-content\/uploads\/2022\/02\/deux-pages-actions-fevrier-768x576.jpg 768w\" sizes=\"auto, (max-width: 800px) 100vw, 800px\" \/><\/figure>\n\n\n\n<div class=\"alignfull wp-block-ugb-cta ugb-cta ugb-bd09875 ugb-cta ugb-cta--v2 ugb-cta--design-plain ugb-main-block ugb--has-custom-content-width-tablet ugb-main-block--inner-wide ugb--has-block-background ugb--has-background-overlay\"><style>.ugb-bd09875 .ugb-cta__title,.ugb-bd09875 .ugb-cta__description,.ugb-bd09875 .ugb-button-container{text-align:right !important}.ugb-bd09875 .ugb-button .ugb-button--inner{font-family:\"Poppins\",Sans-serif !important}.ugb-bd09875 .ugb-button{background-color:var(--stk-global-color-15876,#fda939);border-radius:0px !important}.ugb-bd09875 .ugb-button .ugb-button--inner,.ugb-bd09875 .ugb-button svg:not(.ugb-custom-icon){color:#ffffff !important}.ugb-bd09875 .ugb-button:before{border-radius:0px !important}.ugb-bd09875 .ugb-inner-block{text-align:right}.ugb-bd09875.ugb-cta{min-height:45vh;background-image:url(https:\/\/creativ-ariane.fr\/wp-content\/uploads\/2022\/02\/illustration-en-reduit.jpg)}.ugb-bd09875.ugb-cta:before{opacity:0.5}@media screen and (min-width:768px){.ugb-bd09875.ugb-cta{padding-left:10% !important}}@media screen and (max-width:1025px){.ugb-bd09875 .ugb-cta__title,.ugb-bd09875 .ugb-cta__description,.ugb-bd09875 .ugb-button-container{text-align:right}.ugb-bd09875 .ugb-inner-block{text-align:right}.ugb-bd09875.ugb-cta{justify-content:flex-end}.ugb-bd09875.ugb-cta > .ugb-inner-block{min-width:auto !important;max-width:80% !important}}@media screen and (min-width:768px) and (max-width:1025px){.ugb-bd09875.ugb-cta{padding-left:20% !important}}@media screen and (max-width:768px){.ugb-bd09875 .ugb-cta__title{font-size:30px !important}}@media screen and (-ms-high-contrast:active),screen and (-ms-high-contrast:none){.ugb-bd09875.ugb-cta{height:45vh}}<\/style><div class=\"ugb-inner-block ugb-inner-block--wide\"><div class=\"ugb-block-content\"><div class=\"ugb-cta__item\"><h2 class=\"ugb-cta__title\">T\u00e9l\u00e9charger gratuitement les dessins<\/h2><p class=\"ugb-cta__description\">Voici les dessins de l&rsquo;illustration \u00ab\u00a0soins\u00a0\u00bb et de l&rsquo;illustration \u00ab\u00a0Hiver\u00a0\u00bb \u00e0 t\u00e9l\u00e9charger en pdf et \u00e0 imprimer chez vous.<br>Merci en retour de vous abonner \u00e0 la newsletter si ce n&rsquo;est d\u00e9j\u00e0 fait, pour \u00eatre tenu(e) au courant des prochains tutos et dessins.<\/p><div class=\"ugb-button-container\"><a class=\"ugb-button ugb-button--size-normal\" href=\"https:\/\/creativ-ariane.fr\/wp-content\/uploads\/2022\/02\/dessin-journal-jardin-7-@creativ-ariane-v2.pdf\" target=\"_blank\" rel=\"noopener noreferrer\" title=\"\"><span class=\"ugb-button--inner\">T\u00e9l\u00e9charger<\/span><\/a><\/div><\/div><\/div><\/div><\/div>\n\n\n\n<div class=\"wp-block-stackable-spacer stk-block-spacer stk--no-padding stk-block stk-00f009e\" data-block-id=\"00f009e\"><\/div>\n\n\n\n<p><\/p>\n","protected":false},"excerpt":{"rendered":"<p>Pourquoi ce journal de jardin ? Quelle utilit\u00e9 ? J&rsquo;ai d\u00e9marr\u00e9 en mars 2021 ce journal de jardin parce que, en tant que jardini\u00e8re amateure, passionn\u00e9e, je me suis vite retrouv\u00e9e noy\u00e9e sous les tonnes d&rsquo;informations lues dans des livres ou magazines, donn\u00e9es par des amis, etc. Il m&rsquo;est apparu \u00e9vident, et surtout de part mon exp\u00e9rience professionnelle, d&rsquo;\u00eatre bien organis\u00e9e, et de r\u00e9aliser un journal, v\u00e9ritable carnet de bord de mon jardin qui me fera gagner du temps. J&rsquo;ai donc invent\u00e9 et cr\u00e9\u00e9 ce journal et vous l&rsquo;ai partag\u00e9 aux cours de ces tutos. J&rsquo;esp\u00e8re qu&rsquo;il vous aura \u00e9t\u00e9 utile. Dans cette derni\u00e8re vid\u00e9o, je vous propose des fiches concernant les soins aux plantes. Comme j&rsquo;aime l&rsquo;aquarelle, je vous montre comment r\u00e9aliser une illustration \u00e0 chaque saison avec des motifs qui serviront \u00e0 illustrer et personnaliser le journal, fa\u00e7on bullet journal. Ici nous allons voir quelques jolies fleurs de ces mois d&rsquo;hiver, des branches avec des baies &#8230; N&rsquo;h\u00e9sitez pas \u00e0 me donner vos retours et commentaires ou me contacter si vous voyez encore un domaine que je n&rsquo;ai pas abord\u00e9 et qui serait int\u00e9ressant \u00e0 traiter. Voici le lien vers la vid\u00e9o (ou sur l&rsquo;image ci-dessous) et plus bas dans l&rsquo;article vous trouverez une explication \u00e9crite ainsi que les dessins \u00e0 t\u00e9l\u00e9charger. Belle d\u00e9couverte et tr\u00e8s bonne ann\u00e9e au jardin. Bises Ariane Mat\u00e9riel Papier aquarelle ou dessin, un feutre ind\u00e9l\u00e9bile, des aquarelles ou crayons Le journal de jardin au format A5, avec intercalaires et pages lign\u00e9es, quadrill\u00e9es, pointill\u00e9es 1. Fiches soin et recette Parce que nos plantes peuvent tomber malades, \u00eatre attaqu\u00e9es par des ravageurs, jaunir, noircir, etc, il est n\u00e9cessaire d&rsquo;en prendre soin, de les traiter de la fa\u00e7on la plus naturelle possible. Ces fiches seront un lieu de r\u00e9colte de vos probl\u00e8mes et solutions, de vos recettes astuces, des \u00e9l\u00e9ments naturels que vous avez pu test\u00e9s avec succ\u00e8s. Je vous propose deux fiches qui sont constitu\u00e9es de tableaux reprenant les informations importantes. Pour les soins : la fiche concerne une plante en particulier (un arbuste, une fleur etc), avec son emplacement au jardin (ou interieur)et le rond en haut \u00e0 droite sert \u00e0 noter son num\u00e9ro en lien avec les plans et fiches plantes. Je vous invite \u00e0 revoir les vid\u00e9os sur ces sujets. Ensuite un tableau avec les probl\u00e8mes rencontr\u00e9s et les solutions \u00e0 tester ou qui ont bien fonctionn\u00e9. Pour la fiche recette : reprenez ici les ingr\u00e9dients d&rsquo;une recette (par ex. purin d&rsquo;ortie) ou bien un \u00e9l\u00e9ment naturel comme le marc de caf\u00e9 , en quoi est-il utile ? son utilisation, les plantes concern\u00e9es. Illustration \u00ab\u00a0soins\u00a0\u00bb Et voici l&rsquo;illustration que j&rsquo;ai r\u00e9alis\u00e9e pour d\u00e9marrer cette nouvelle partie de notre journal. Des mains prenant soin d&rsquo;une plante. (Dessin \u00e0 t\u00e9l\u00e9charger ci-dessous) Je l&rsquo;ai r\u00e9alis\u00e9e au feutre ind\u00e9l\u00e9bile et peint \u00e0 l&rsquo;aquarelle. 2. Illustration hiver et pages actions des mois d&rsquo;hiver Comme \u00e0 chaque saison je vous propose de r\u00e9aliser une illustration pour d\u00e9marrer les pages des mois ici d\u00e9cembre , janvier et f\u00e9vrier. Cette illustration se compose de fleurs du moments comme des h\u00e9ll\u00e9bores, du jasmin d&rsquo;hiver, de la bruy\u00e8re, du houx, des branches de baies rouges et une niche \u00e0 oiseaux. Et je vous montre ci-dessous comment les utiliser seules dans des pages actions du mois. Pour vous rappeler le fonctionnement des pages actions je vous invite \u00e0 revoir le tuto 1 sur l&rsquo;organisation g\u00e9n\u00e9rale. Et bien voil\u00e0 notre journal de jardin est complet, je vous souhaite beaucoup de plaisir au jardin et vive le printemps \u00e0 venir. T\u00e9l\u00e9charger gratuitement les dessins Voici les dessins de l&rsquo;illustration \u00ab\u00a0soins\u00a0\u00bb et de l&rsquo;illustration \u00ab\u00a0Hiver\u00a0\u00bb \u00e0 t\u00e9l\u00e9charger en pdf et \u00e0 imprimer chez vous.Merci en retour de vous abonner \u00e0 la newsletter si ce n&rsquo;est d\u00e9j\u00e0 fait, pour \u00eatre tenu(e) au courant des prochains tutos et dessins. T\u00e9l\u00e9charger<\/p>\n","protected":false},"author":1,"featured_media":2820,"comment_status":"closed","ping_status":"closed","sticky":false,"template":"","format":"standard","meta":{"_mo_disable_npp":"","_jetpack_memberships_contains_paid_content":false,"footnotes":""},"categories":[71,102],"tags":[76,78],"class_list":["post-2815","post","type-post","status-publish","format-standard","has-post-thumbnail","hentry","category-journal-de-jardin","category-pdf","tag-hiver","tag-neige"],"featured_image_urls_v2":{"full":["https:\/\/creativ-ariane.fr\/wp-content\/uploads\/2022\/02\/Miniatures-journal-de-jardin-soins-tuto-7-copie.jpg",800,450,false],"thumbnail":["https:\/\/creativ-ariane.fr\/wp-content\/uploads\/2022\/02\/Miniatures-journal-de-jardin-soins-tuto-7-copie-150x150.jpg",150,150,true],"medium":["https:\/\/creativ-ariane.fr\/wp-content\/uploads\/2022\/02\/Miniatures-journal-de-jardin-soins-tuto-7-copie-300x169.jpg",300,169,true],"medium_large":["https:\/\/creativ-ariane.fr\/wp-content\/uploads\/2022\/02\/Miniatures-journal-de-jardin-soins-tuto-7-copie-768x432.jpg",768,432,true],"large":["https:\/\/creativ-ariane.fr\/wp-content\/uploads\/2022\/02\/Miniatures-journal-de-jardin-soins-tuto-7-copie.jpg",800,450,false],"1536x1536":["https:\/\/creativ-ariane.fr\/wp-content\/uploads\/2022\/02\/Miniatures-journal-de-jardin-soins-tuto-7-copie.jpg",800,450,false],"2048x2048":["https:\/\/creativ-ariane.fr\/wp-content\/uploads\/2022\/02\/Miniatures-journal-de-jardin-soins-tuto-7-copie.jpg",800,450,false],"ashe-slider-grid-thumbnail":["https:\/\/creativ-ariane.fr\/wp-content\/uploads\/2022\/02\/Miniatures-journal-de-jardin-soins-tuto-7-copie-800x390.jpg",800,390,true],"ashe-full-thumbnail":["https:\/\/creativ-ariane.fr\/wp-content\/uploads\/2022\/02\/Miniatures-journal-de-jardin-soins-tuto-7-copie.jpg",800,450,false],"ashe-grid-thumbnail":["https:\/\/creativ-ariane.fr\/wp-content\/uploads\/2022\/02\/Miniatures-journal-de-jardin-soins-tuto-7-copie-500x281.jpg",500,281,true],"ashe-list-thumbnail":["https:\/\/creativ-ariane.fr\/wp-content\/uploads\/2022\/02\/Miniatures-journal-de-jardin-soins-tuto-7-copie-300x300.jpg",300,300,true],"ashe-single-navigation":["https:\/\/creativ-ariane.fr\/wp-content\/uploads\/2022\/02\/Miniatures-journal-de-jardin-soins-tuto-7-copie-75x75.jpg",75,75,true]},"post_excerpt_stackable_v2":"<p>Pourquoi ce journal de jardin ? Quelle utilit\u00e9 ? J&rsquo;ai d\u00e9marr\u00e9 en mars 2021 ce journal de jardin parce que, en tant que jardini\u00e8re amateure, passionn\u00e9e, je me suis vite retrouv\u00e9e noy\u00e9e sous les tonnes d&rsquo;informations lues dans des livres ou magazines, donn\u00e9es par des amis, etc. Il m&rsquo;est apparu \u00e9vident, et surtout de part mon exp\u00e9rience professionnelle, d&rsquo;\u00eatre bien organis\u00e9e, et de r\u00e9aliser un journal, v\u00e9ritable carnet de bord de mon jardin qui me fera gagner du temps. J&rsquo;ai donc invent\u00e9 et cr\u00e9\u00e9 ce journal et vous l&rsquo;ai partag\u00e9 aux cours de ces tutos. J&rsquo;esp\u00e8re qu&rsquo;il vous aura \u00e9t\u00e9\u2026<\/p>\n","category_list_v2":"<a href=\"https:\/\/creativ-ariane.fr\/index.php\/category\/journal-de-jardin\/\" rel=\"category tag\">Journal de jardin<\/a>, <a href=\"https:\/\/creativ-ariane.fr\/index.php\/category\/pdf\/\" rel=\"category tag\">PDF<\/a>","author_info_v2":{"name":"Creativ'Ariane","url":"https:\/\/creativ-ariane.fr\/index.php\/author\/admin6017\/"},"comments_num_v2":"0 commentaire","yoast_head":"<!-- This site is optimized with the Yoast SEO plugin v27.5 - https:\/\/yoast.com\/product\/yoast-seo-wordpress\/ -->\n<title>Journal de jardin # 7 - Hiver fiches soins - Creativ&#039;Ariane<\/title>\n<meta name=\"description\" content=\"Journal de jardin \u00e0 r\u00e9aliser pour \u00eatre bien organis\u00e9. Ce mois: fiche soins aux plantes et illustration hiver pour votre bullet garden journal.\" \/>\n<meta name=\"robots\" content=\"index, follow, max-snippet:-1, max-image-preview:large, max-video-preview:-1\" \/>\n<link rel=\"canonical\" href=\"https:\/\/creativ-ariane.fr\/index.php\/2022\/02\/09\/journal-de-jardin-7-hiver-fiches-soins\/\" \/>\n<meta property=\"og:locale\" content=\"fr_FR\" \/>\n<meta property=\"og:type\" content=\"article\" \/>\n<meta property=\"og:title\" content=\"Journal de jardin # 7 - Hiver fiches soins - Creativ&#039;Ariane\" \/>\n<meta property=\"og:description\" content=\"Journal de jardin \u00e0 r\u00e9aliser pour \u00eatre bien organis\u00e9. Ce mois: fiche soins aux plantes et illustration hiver pour votre bullet garden journal.\" \/>\n<meta property=\"og:url\" content=\"https:\/\/creativ-ariane.fr\/index.php\/2022\/02\/09\/journal-de-jardin-7-hiver-fiches-soins\/\" \/>\n<meta property=\"og:site_name\" content=\"Creativ&#039;Ariane\" \/>\n<meta property=\"article:published_time\" content=\"2022-02-09T10:00:47+00:00\" \/>\n<meta property=\"article:modified_time\" content=\"2025-02-03T11:56:41+00:00\" \/>\n<meta property=\"og:image\" content=\"https:\/\/creativ-ariane.fr\/wp-content\/uploads\/2022\/02\/Miniatures-journal-de-jardin-soins-tuto-7-copie.jpg\" \/>\n\t<meta property=\"og:image:width\" content=\"800\" \/>\n\t<meta property=\"og:image:height\" content=\"450\" \/>\n\t<meta property=\"og:image:type\" content=\"image\/jpeg\" \/>\n<meta name=\"author\" content=\"Creativ&#039;Ariane\" \/>\n<meta name=\"twitter:card\" content=\"summary_large_image\" \/>\n<meta name=\"twitter:label1\" content=\"\u00c9crit par\" \/>\n\t<meta name=\"twitter:data1\" content=\"Creativ&#039;Ariane\" \/>\n\t<meta name=\"twitter:label2\" content=\"Dur\u00e9e de lecture estim\u00e9e\" \/>\n\t<meta name=\"twitter:data2\" content=\"5 minutes\" \/>\n<script type=\"application\/ld+json\" class=\"yoast-schema-graph\">{\"@context\":\"https:\\\/\\\/schema.org\",\"@graph\":[{\"@type\":\"Article\",\"@id\":\"https:\\\/\\\/creativ-ariane.fr\\\/index.php\\\/2022\\\/02\\\/09\\\/journal-de-jardin-7-hiver-fiches-soins\\\/#article\",\"isPartOf\":{\"@id\":\"https:\\\/\\\/creativ-ariane.fr\\\/index.php\\\/2022\\\/02\\\/09\\\/journal-de-jardin-7-hiver-fiches-soins\\\/\"},\"author\":{\"name\":\"Creativ'Ariane\",\"@id\":\"https:\\\/\\\/creativ-ariane.fr\\\/#\\\/schema\\\/person\\\/1befd623fcab198cb8ce79dca25545e4\"},\"headline\":\"Journal de jardin # 7 &#8211; Hiver fiches soins\",\"datePublished\":\"2022-02-09T10:00:47+00:00\",\"dateModified\":\"2025-02-03T11:56:41+00:00\",\"mainEntityOfPage\":{\"@id\":\"https:\\\/\\\/creativ-ariane.fr\\\/index.php\\\/2022\\\/02\\\/09\\\/journal-de-jardin-7-hiver-fiches-soins\\\/\"},\"wordCount\":683,\"publisher\":{\"@id\":\"https:\\\/\\\/creativ-ariane.fr\\\/#\\\/schema\\\/person\\\/1befd623fcab198cb8ce79dca25545e4\"},\"image\":{\"@id\":\"https:\\\/\\\/creativ-ariane.fr\\\/index.php\\\/2022\\\/02\\\/09\\\/journal-de-jardin-7-hiver-fiches-soins\\\/#primaryimage\"},\"thumbnailUrl\":\"https:\\\/\\\/creativ-ariane.fr\\\/wp-content\\\/uploads\\\/2022\\\/02\\\/Miniatures-journal-de-jardin-soins-tuto-7-copie.jpg\",\"keywords\":[\"hiver\",\"neige\"],\"articleSection\":[\"Journal de jardin\",\"PDF\"],\"inLanguage\":\"fr-FR\"},{\"@type\":\"WebPage\",\"@id\":\"https:\\\/\\\/creativ-ariane.fr\\\/index.php\\\/2022\\\/02\\\/09\\\/journal-de-jardin-7-hiver-fiches-soins\\\/\",\"url\":\"https:\\\/\\\/creativ-ariane.fr\\\/index.php\\\/2022\\\/02\\\/09\\\/journal-de-jardin-7-hiver-fiches-soins\\\/\",\"name\":\"Journal de jardin # 7 - Hiver fiches soins - Creativ&#039;Ariane\",\"isPartOf\":{\"@id\":\"https:\\\/\\\/creativ-ariane.fr\\\/#website\"},\"primaryImageOfPage\":{\"@id\":\"https:\\\/\\\/creativ-ariane.fr\\\/index.php\\\/2022\\\/02\\\/09\\\/journal-de-jardin-7-hiver-fiches-soins\\\/#primaryimage\"},\"image\":{\"@id\":\"https:\\\/\\\/creativ-ariane.fr\\\/index.php\\\/2022\\\/02\\\/09\\\/journal-de-jardin-7-hiver-fiches-soins\\\/#primaryimage\"},\"thumbnailUrl\":\"https:\\\/\\\/creativ-ariane.fr\\\/wp-content\\\/uploads\\\/2022\\\/02\\\/Miniatures-journal-de-jardin-soins-tuto-7-copie.jpg\",\"datePublished\":\"2022-02-09T10:00:47+00:00\",\"dateModified\":\"2025-02-03T11:56:41+00:00\",\"description\":\"Journal de jardin \u00e0 r\u00e9aliser pour \u00eatre bien organis\u00e9. Ce mois: fiche soins aux plantes et illustration hiver pour votre bullet garden journal.\",\"breadcrumb\":{\"@id\":\"https:\\\/\\\/creativ-ariane.fr\\\/index.php\\\/2022\\\/02\\\/09\\\/journal-de-jardin-7-hiver-fiches-soins\\\/#breadcrumb\"},\"inLanguage\":\"fr-FR\",\"potentialAction\":[{\"@type\":\"ReadAction\",\"target\":[\"https:\\\/\\\/creativ-ariane.fr\\\/index.php\\\/2022\\\/02\\\/09\\\/journal-de-jardin-7-hiver-fiches-soins\\\/\"]}]},{\"@type\":\"ImageObject\",\"inLanguage\":\"fr-FR\",\"@id\":\"https:\\\/\\\/creativ-ariane.fr\\\/index.php\\\/2022\\\/02\\\/09\\\/journal-de-jardin-7-hiver-fiches-soins\\\/#primaryimage\",\"url\":\"https:\\\/\\\/creativ-ariane.fr\\\/wp-content\\\/uploads\\\/2022\\\/02\\\/Miniatures-journal-de-jardin-soins-tuto-7-copie.jpg\",\"contentUrl\":\"https:\\\/\\\/creativ-ariane.fr\\\/wp-content\\\/uploads\\\/2022\\\/02\\\/Miniatures-journal-de-jardin-soins-tuto-7-copie.jpg\",\"width\":800,\"height\":450,\"caption\":\"tuto journal de jardin hiver et fiche soin\"},{\"@type\":\"BreadcrumbList\",\"@id\":\"https:\\\/\\\/creativ-ariane.fr\\\/index.php\\\/2022\\\/02\\\/09\\\/journal-de-jardin-7-hiver-fiches-soins\\\/#breadcrumb\",\"itemListElement\":[{\"@type\":\"ListItem\",\"position\":1,\"name\":\"Accueil\",\"item\":\"https:\\\/\\\/creativ-ariane.fr\\\/\"},{\"@type\":\"ListItem\",\"position\":2,\"name\":\"Journal de jardin # 7 &#8211; Hiver fiches soins\"}]},{\"@type\":\"WebSite\",\"@id\":\"https:\\\/\\\/creativ-ariane.fr\\\/#website\",\"url\":\"https:\\\/\\\/creativ-ariane.fr\\\/\",\"name\":\"Creativ-Ariane\",\"description\":\"Des tutos dessin, aquarelle et scrapbooking et histoires des fleurs et voyages\",\"publisher\":{\"@id\":\"https:\\\/\\\/creativ-ariane.fr\\\/#\\\/schema\\\/person\\\/1befd623fcab198cb8ce79dca25545e4\"},\"potentialAction\":[{\"@type\":\"SearchAction\",\"target\":{\"@type\":\"EntryPoint\",\"urlTemplate\":\"https:\\\/\\\/creativ-ariane.fr\\\/?s={search_term_string}\"},\"query-input\":{\"@type\":\"PropertyValueSpecification\",\"valueRequired\":true,\"valueName\":\"search_term_string\"}}],\"inLanguage\":\"fr-FR\"},{\"@type\":[\"Person\",\"Organization\"],\"@id\":\"https:\\\/\\\/creativ-ariane.fr\\\/#\\\/schema\\\/person\\\/1befd623fcab198cb8ce79dca25545e4\",\"name\":\"Creativ'Ariane\",\"image\":{\"@type\":\"ImageObject\",\"inLanguage\":\"fr-FR\",\"@id\":\"https:\\\/\\\/creativ-ariane.fr\\\/wp-content\\\/uploads\\\/2020\\\/08\\\/cropped-logo-1-creativ-ariane-1.png\",\"url\":\"https:\\\/\\\/creativ-ariane.fr\\\/wp-content\\\/uploads\\\/2020\\\/08\\\/cropped-logo-1-creativ-ariane-1.png\",\"contentUrl\":\"https:\\\/\\\/creativ-ariane.fr\\\/wp-content\\\/uploads\\\/2020\\\/08\\\/cropped-logo-1-creativ-ariane-1.png\",\"width\":1496,\"height\":572,\"caption\":\"Creativ'Ariane\"},\"logo\":{\"@id\":\"https:\\\/\\\/creativ-ariane.fr\\\/wp-content\\\/uploads\\\/2020\\\/08\\\/cropped-logo-1-creativ-ariane-1.png\"},\"description\":\"ARIANE, EDITRICE DE CONTENU De formation artistique et digitale, je vous emm\u00e8ne dans ma passion des histoires de fleurs et de voyage, mais aussi dans l\u2019art pour mieux les d\u00e9couvrir et apprendre \u00e0 les peindre.\",\"sameAs\":[\"https:\\\/\\\/www.youtube.com\\\/channel\\\/UCfK82o7zAGaBsr2CnZsMA-w\"]}]}<\/script>\n<!-- \/ Yoast SEO plugin. -->","yoast_head_json":{"title":"Journal de jardin # 7 - Hiver fiches soins - Creativ&#039;Ariane","description":"Journal de jardin \u00e0 r\u00e9aliser pour \u00eatre bien organis\u00e9. Ce mois: fiche soins aux plantes et illustration hiver pour votre bullet garden journal.","robots":{"index":"index","follow":"follow","max-snippet":"max-snippet:-1","max-image-preview":"max-image-preview:large","max-video-preview":"max-video-preview:-1"},"canonical":"https:\/\/creativ-ariane.fr\/index.php\/2022\/02\/09\/journal-de-jardin-7-hiver-fiches-soins\/","og_locale":"fr_FR","og_type":"article","og_title":"Journal de jardin # 7 - Hiver fiches soins - Creativ&#039;Ariane","og_description":"Journal de jardin \u00e0 r\u00e9aliser pour \u00eatre bien organis\u00e9. Ce mois: fiche soins aux plantes et illustration hiver pour votre bullet garden journal.","og_url":"https:\/\/creativ-ariane.fr\/index.php\/2022\/02\/09\/journal-de-jardin-7-hiver-fiches-soins\/","og_site_name":"Creativ&#039;Ariane","article_published_time":"2022-02-09T10:00:47+00:00","article_modified_time":"2025-02-03T11:56:41+00:00","og_image":[{"width":800,"height":450,"url":"https:\/\/creativ-ariane.fr\/wp-content\/uploads\/2022\/02\/Miniatures-journal-de-jardin-soins-tuto-7-copie.jpg","type":"image\/jpeg"}],"author":"Creativ'Ariane","twitter_card":"summary_large_image","twitter_misc":{"\u00c9crit par":"Creativ'Ariane","Dur\u00e9e de lecture estim\u00e9e":"5 minutes"},"schema":{"@context":"https:\/\/schema.org","@graph":[{"@type":"Article","@id":"https:\/\/creativ-ariane.fr\/index.php\/2022\/02\/09\/journal-de-jardin-7-hiver-fiches-soins\/#article","isPartOf":{"@id":"https:\/\/creativ-ariane.fr\/index.php\/2022\/02\/09\/journal-de-jardin-7-hiver-fiches-soins\/"},"author":{"name":"Creativ'Ariane","@id":"https:\/\/creativ-ariane.fr\/#\/schema\/person\/1befd623fcab198cb8ce79dca25545e4"},"headline":"Journal de jardin # 7 &#8211; Hiver fiches soins","datePublished":"2022-02-09T10:00:47+00:00","dateModified":"2025-02-03T11:56:41+00:00","mainEntityOfPage":{"@id":"https:\/\/creativ-ariane.fr\/index.php\/2022\/02\/09\/journal-de-jardin-7-hiver-fiches-soins\/"},"wordCount":683,"publisher":{"@id":"https:\/\/creativ-ariane.fr\/#\/schema\/person\/1befd623fcab198cb8ce79dca25545e4"},"image":{"@id":"https:\/\/creativ-ariane.fr\/index.php\/2022\/02\/09\/journal-de-jardin-7-hiver-fiches-soins\/#primaryimage"},"thumbnailUrl":"https:\/\/creativ-ariane.fr\/wp-content\/uploads\/2022\/02\/Miniatures-journal-de-jardin-soins-tuto-7-copie.jpg","keywords":["hiver","neige"],"articleSection":["Journal de jardin","PDF"],"inLanguage":"fr-FR"},{"@type":"WebPage","@id":"https:\/\/creativ-ariane.fr\/index.php\/2022\/02\/09\/journal-de-jardin-7-hiver-fiches-soins\/","url":"https:\/\/creativ-ariane.fr\/index.php\/2022\/02\/09\/journal-de-jardin-7-hiver-fiches-soins\/","name":"Journal de jardin # 7 - Hiver fiches soins - Creativ&#039;Ariane","isPartOf":{"@id":"https:\/\/creativ-ariane.fr\/#website"},"primaryImageOfPage":{"@id":"https:\/\/creativ-ariane.fr\/index.php\/2022\/02\/09\/journal-de-jardin-7-hiver-fiches-soins\/#primaryimage"},"image":{"@id":"https:\/\/creativ-ariane.fr\/index.php\/2022\/02\/09\/journal-de-jardin-7-hiver-fiches-soins\/#primaryimage"},"thumbnailUrl":"https:\/\/creativ-ariane.fr\/wp-content\/uploads\/2022\/02\/Miniatures-journal-de-jardin-soins-tuto-7-copie.jpg","datePublished":"2022-02-09T10:00:47+00:00","dateModified":"2025-02-03T11:56:41+00:00","description":"Journal de jardin \u00e0 r\u00e9aliser pour \u00eatre bien organis\u00e9. Ce mois: fiche soins aux plantes et illustration hiver pour votre bullet garden journal.","breadcrumb":{"@id":"https:\/\/creativ-ariane.fr\/index.php\/2022\/02\/09\/journal-de-jardin-7-hiver-fiches-soins\/#breadcrumb"},"inLanguage":"fr-FR","potentialAction":[{"@type":"ReadAction","target":["https:\/\/creativ-ariane.fr\/index.php\/2022\/02\/09\/journal-de-jardin-7-hiver-fiches-soins\/"]}]},{"@type":"ImageObject","inLanguage":"fr-FR","@id":"https:\/\/creativ-ariane.fr\/index.php\/2022\/02\/09\/journal-de-jardin-7-hiver-fiches-soins\/#primaryimage","url":"https:\/\/creativ-ariane.fr\/wp-content\/uploads\/2022\/02\/Miniatures-journal-de-jardin-soins-tuto-7-copie.jpg","contentUrl":"https:\/\/creativ-ariane.fr\/wp-content\/uploads\/2022\/02\/Miniatures-journal-de-jardin-soins-tuto-7-copie.jpg","width":800,"height":450,"caption":"tuto journal de jardin hiver et fiche soin"},{"@type":"BreadcrumbList","@id":"https:\/\/creativ-ariane.fr\/index.php\/2022\/02\/09\/journal-de-jardin-7-hiver-fiches-soins\/#breadcrumb","itemListElement":[{"@type":"ListItem","position":1,"name":"Accueil","item":"https:\/\/creativ-ariane.fr\/"},{"@type":"ListItem","position":2,"name":"Journal de jardin # 7 &#8211; Hiver fiches soins"}]},{"@type":"WebSite","@id":"https:\/\/creativ-ariane.fr\/#website","url":"https:\/\/creativ-ariane.fr\/","name":"Creativ-Ariane","description":"Des tutos dessin, aquarelle et scrapbooking et histoires des fleurs et voyages","publisher":{"@id":"https:\/\/creativ-ariane.fr\/#\/schema\/person\/1befd623fcab198cb8ce79dca25545e4"},"potentialAction":[{"@type":"SearchAction","target":{"@type":"EntryPoint","urlTemplate":"https:\/\/creativ-ariane.fr\/?s={search_term_string}"},"query-input":{"@type":"PropertyValueSpecification","valueRequired":true,"valueName":"search_term_string"}}],"inLanguage":"fr-FR"},{"@type":["Person","Organization"],"@id":"https:\/\/creativ-ariane.fr\/#\/schema\/person\/1befd623fcab198cb8ce79dca25545e4","name":"Creativ'Ariane","image":{"@type":"ImageObject","inLanguage":"fr-FR","@id":"https:\/\/creativ-ariane.fr\/wp-content\/uploads\/2020\/08\/cropped-logo-1-creativ-ariane-1.png","url":"https:\/\/creativ-ariane.fr\/wp-content\/uploads\/2020\/08\/cropped-logo-1-creativ-ariane-1.png","contentUrl":"https:\/\/creativ-ariane.fr\/wp-content\/uploads\/2020\/08\/cropped-logo-1-creativ-ariane-1.png","width":1496,"height":572,"caption":"Creativ'Ariane"},"logo":{"@id":"https:\/\/creativ-ariane.fr\/wp-content\/uploads\/2020\/08\/cropped-logo-1-creativ-ariane-1.png"},"description":"ARIANE, EDITRICE DE CONTENU De formation artistique et digitale, je vous emm\u00e8ne dans ma passion des histoires de fleurs et de voyage, mais aussi dans l\u2019art pour mieux les d\u00e9couvrir et apprendre \u00e0 les peindre.","sameAs":["https:\/\/www.youtube.com\/channel\/UCfK82o7zAGaBsr2CnZsMA-w"]}]}},"jetpack_featured_media_url":"https:\/\/creativ-ariane.fr\/wp-content\/uploads\/2022\/02\/Miniatures-journal-de-jardin-soins-tuto-7-copie.jpg","acf":[],"jetpack_sharing_enabled":true,"_links":{"self":[{"href":"https:\/\/creativ-ariane.fr\/index.php\/wp-json\/wp\/v2\/posts\/2815","targetHints":{"allow":["GET"]}}],"collection":[{"href":"https:\/\/creativ-ariane.fr\/index.php\/wp-json\/wp\/v2\/posts"}],"about":[{"href":"https:\/\/creativ-ariane.fr\/index.php\/wp-json\/wp\/v2\/types\/post"}],"author":[{"embeddable":true,"href":"https:\/\/creativ-ariane.fr\/index.php\/wp-json\/wp\/v2\/users\/1"}],"replies":[{"embeddable":true,"href":"https:\/\/creativ-ariane.fr\/index.php\/wp-json\/wp\/v2\/comments?post=2815"}],"version-history":[{"count":13,"href":"https:\/\/creativ-ariane.fr\/index.php\/wp-json\/wp\/v2\/posts\/2815\/revisions"}],"predecessor-version":[{"id":3689,"href":"https:\/\/creativ-ariane.fr\/index.php\/wp-json\/wp\/v2\/posts\/2815\/revisions\/3689"}],"wp:featuredmedia":[{"embeddable":true,"href":"https:\/\/creativ-ariane.fr\/index.php\/wp-json\/wp\/v2\/media\/2820"}],"wp:attachment":[{"href":"https:\/\/creativ-ariane.fr\/index.php\/wp-json\/wp\/v2\/media?parent=2815"}],"wp:term":[{"taxonomy":"category","embeddable":true,"href":"https:\/\/creativ-ariane.fr\/index.php\/wp-json\/wp\/v2\/categories?post=2815"},{"taxonomy":"post_tag","embeddable":true,"href":"https:\/\/creativ-ariane.fr\/index.php\/wp-json\/wp\/v2\/tags?post=2815"}],"curies":[{"name":"wp","href":"https:\/\/api.w.org\/{rel}","templated":true}]}}