{"id":3537,"date":"2024-07-29T19:54:54","date_gmt":"2024-07-29T17:54:54","guid":{"rendered":"https:\/\/creativ-ariane.fr\/?p=3537"},"modified":"2025-04-07T09:44:21","modified_gmt":"2025-04-07T07:44:21","slug":"paysage-de-plage-en-bretagne","status":"publish","type":"post","link":"https:\/\/creativ-ariane.fr\/index.php\/2024\/07\/29\/paysage-de-plage-en-bretagne\/","title":{"rendered":"Paysage de plage en Bretagne !"},"content":{"rendered":"\n<p>Bonjour,<\/p>\n\n\n\n<p>Dans ce tuto vid\u00e9o, j&rsquo;ai choisi de peindre un paysage de mer et plage en me referrant \u00e0une photo prise en mai en Bretagne (C\u00f4tes d&rsquo;Armor) \u00e0 Port-Blanc. J&rsquo;utilise la technique s\u00e8che, donc par ajout de couleurs et superpositions. Vous avancerez \u00e9tapes par \u00e9tapes, depuis le dessin jusqu&rsquo;aux d\u00e9tails de finition dans les diverses techniques d&rsquo;aquarelle.<\/p>\n\n\n\n<p><\/p>\n\n\n\n<p>Belle d\u00e9couverte ! A vos pinceaux !<\/p>\n\n\n\n<p>Ariane<\/p>\n\n\n\n<div class=\"alignfull wp-block-ugb-video-popup ugb-video-popup ugb-e661b32 ugb-video-popup--v3 ugb-main-block\"><style>.ugb-e661b32 .ugb-video-popup__wrapper{height:490px !important;background-color:#eeeeee;background-image:url(https:\/\/creativ-ariane.fr\/wp-content\/uploads\/2024\/07\/vignette-paysage-plage.png)}.ugb-e661b32 .ugb-video-popup__play-button svg{fill:#eeeeee !important;height:115px;width:115px}.ugb-e661b32 .ugb-video-popup__wrapper:before{background-color:#eeeeee;opacity:0.1}.ugb-e661b32 .ugb-video-popup__wrapper:hover:before{opacity:0.4}<\/style><div class=\"ugb-inner-block\"><div class=\"ugb-block-content\"><div class=\"ugb-video-popup__wrapper ugb--shadow-0 ugb--has-background-overlay\" data-video=\"TWnA7f8Czas\"><button class=\"ugb-video-popup__overlay\" aria-label=\"Play\"><span class=\"ugb-video-popup__play-button\"><svg xmlns=\"http:\/\/www.w3.org\/2000\/svg\" viewBox=\"0 0 40 40\" class=\"ugb-play-button-cirle\" width=\"50\" height=\"50\"><path d=\"M16 29l12-9-12-9v18zm4-29C8.95 0 0 8.95 0 20s8.95 20 20 20 20-8.95 20-20S31.05 0 20 0zm0 36c-8.82 0-16-7.18-16-16S11.18 4 20 4s16 7.18 16 16-7.18 16-16 16z\"><\/path><\/svg><\/span><\/button><\/div><\/div><\/div><\/div>\n\n\n\n<h2 class=\"wp-block-heading\" data-block-type=\"core\">Mat\u00e9riel utilis\u00e9 dans cette aquarelle: <\/h2>\n\n\n\n<ul class=\"wp-block-list\" data-block-type=\"core\">\n<li data-block-type=\"core\">Papier 300 gr  <\/li>\n\n\n\n<li data-block-type=\"core\">Aquarelles extrafines Winsor &amp; Newton<\/li>\n\n\n\n<li data-block-type=\"core\">pinceaux : lavis, rond , fin<\/li>\n\n\n\n<li data-block-type=\"core\">vaporisateur d&rsquo;eau et chiffon<\/li>\n<\/ul>\n\n\n\n<h2 class=\"wp-block-heading\" data-block-type=\"core\">Aquarelle \u00e9tape par \u00e9tape<\/h2>\n\n\n\n<p>Comme tr\u00e8s souvent dans mes aquarelles je vous propose de peindre en partant de couleurs p\u00e2les vers des couleurs fonc\u00e9es, comme je travaille beaucoup par superpositions.<\/p>\n\n\n\n<p>De plus, je travaille ici sur 3 plans : le ciel, la mer et plage, l&rsquo;avant plan plus d\u00e9taill\u00e9<\/p>\n\n\n\n<p>J&rsquo;ai choisi ce paysage que j&rsquo;ai photographi\u00e9 lors de vacances en Bretagne.<\/p>\n\n\n\n<figure class=\"wp-block-image size-full\" data-block-type=\"core\"><img loading=\"lazy\" decoding=\"async\" width=\"800\" height=\"600\" src=\"https:\/\/creativ-ariane.fr\/wp-content\/uploads\/2024\/07\/plage-port-blanc.jpg\" alt=\"\" class=\"wp-image-3754\" srcset=\"https:\/\/creativ-ariane.fr\/wp-content\/uploads\/2024\/07\/plage-port-blanc.jpg 800w, https:\/\/creativ-ariane.fr\/wp-content\/uploads\/2024\/07\/plage-port-blanc-300x225.jpg 300w, https:\/\/creativ-ariane.fr\/wp-content\/uploads\/2024\/07\/plage-port-blanc-768x576.jpg 768w\" sizes=\"auto, (max-width: 800px) 100vw, 800px\" \/><\/figure>\n\n\n\n<p><strong>Etape 1 : les couleurs p\u00e2les<\/strong><\/p>\n\n\n\n<p>Le ciel est travaill\u00e9 ici directement sur papier sec, je m\u00e9lange des couleurs, je passe du vaposisateur d&rsquo;eau je m\u00e9lange, je tamponne au chiffon.<\/p>\n\n\n\n<p>Je peins avec des tons l\u00e9gers de bleu-vert la mer et jaune de naples le sable, ensuite quelques verts et bruns sur avant plan<\/p>\n\n\n\n<figure class=\"wp-block-gallery has-nested-images columns-default is-cropped wp-block-gallery-2 is-layout-flex wp-block-gallery-is-layout-flex\" data-block-type=\"core\">\n<figure class=\"wp-block-image size-large\" data-block-type=\"core\"><img loading=\"lazy\" decoding=\"async\" width=\"800\" height=\"500\" data-id=\"3711\" src=\"https:\/\/creativ-ariane.fr\/wp-content\/uploads\/2025\/02\/peinture-du-ciel.jpg\" alt=\"\" class=\"wp-image-3711\" srcset=\"https:\/\/creativ-ariane.fr\/wp-content\/uploads\/2025\/02\/peinture-du-ciel.jpg 800w, https:\/\/creativ-ariane.fr\/wp-content\/uploads\/2025\/02\/peinture-du-ciel-300x188.jpg 300w, https:\/\/creativ-ariane.fr\/wp-content\/uploads\/2025\/02\/peinture-du-ciel-768x480.jpg 768w\" sizes=\"auto, (max-width: 800px) 100vw, 800px\" \/><\/figure>\n\n\n\n<figure class=\"wp-block-image size-large\" data-block-type=\"core\"><img loading=\"lazy\" decoding=\"async\" width=\"800\" height=\"500\" data-id=\"3710\" src=\"https:\/\/creativ-ariane.fr\/wp-content\/uploads\/2025\/02\/peinture-mer-et-sable.jpg\" alt=\"\" class=\"wp-image-3710\" srcset=\"https:\/\/creativ-ariane.fr\/wp-content\/uploads\/2025\/02\/peinture-mer-et-sable.jpg 800w, https:\/\/creativ-ariane.fr\/wp-content\/uploads\/2025\/02\/peinture-mer-et-sable-300x188.jpg 300w, https:\/\/creativ-ariane.fr\/wp-content\/uploads\/2025\/02\/peinture-mer-et-sable-768x480.jpg 768w\" sizes=\"auto, (max-width: 800px) 100vw, 800px\" \/><\/figure>\n\n\n\n<figure class=\"wp-block-image size-large\" data-block-type=\"core\"><img loading=\"lazy\" decoding=\"async\" width=\"800\" height=\"500\" data-id=\"3709\" src=\"https:\/\/creativ-ariane.fr\/wp-content\/uploads\/2025\/02\/peinture-avant-plan.jpg\" alt=\"\" class=\"wp-image-3709\" srcset=\"https:\/\/creativ-ariane.fr\/wp-content\/uploads\/2025\/02\/peinture-avant-plan.jpg 800w, https:\/\/creativ-ariane.fr\/wp-content\/uploads\/2025\/02\/peinture-avant-plan-300x188.jpg 300w, https:\/\/creativ-ariane.fr\/wp-content\/uploads\/2025\/02\/peinture-avant-plan-768x480.jpg 768w\" sizes=\"auto, (max-width: 800px) 100vw, 800px\" \/><\/figure>\n<\/figure>\n\n\n\n<p><strong>Etape 2 : couleurs plus fonc\u00e9es<\/strong><\/p>\n\n\n\n<p>J&rsquo;apporte des tons de bruns entre les montants barri\u00e8re avant, sur les iles de fond.<\/p>\n\n\n\n<figure class=\"wp-block-gallery has-nested-images columns-default is-cropped wp-block-gallery-3 is-layout-flex wp-block-gallery-is-layout-flex\" data-block-type=\"core\">\n<figure class=\"wp-block-image size-large\" data-block-type=\"core\"><img loading=\"lazy\" decoding=\"async\" width=\"800\" height=\"500\" data-id=\"3709\" src=\"https:\/\/creativ-ariane.fr\/wp-content\/uploads\/2025\/02\/peinture-avant-plan.jpg\" alt=\"\" class=\"wp-image-3709\" srcset=\"https:\/\/creativ-ariane.fr\/wp-content\/uploads\/2025\/02\/peinture-avant-plan.jpg 800w, https:\/\/creativ-ariane.fr\/wp-content\/uploads\/2025\/02\/peinture-avant-plan-300x188.jpg 300w, https:\/\/creativ-ariane.fr\/wp-content\/uploads\/2025\/02\/peinture-avant-plan-768x480.jpg 768w\" sizes=\"auto, (max-width: 800px) 100vw, 800px\" \/><\/figure>\n\n\n\n<figure class=\"wp-block-image size-large\" data-block-type=\"core\"><img loading=\"lazy\" decoding=\"async\" width=\"800\" height=\"500\" data-id=\"3708\" src=\"https:\/\/creativ-ariane.fr\/wp-content\/uploads\/2025\/02\/peinture-iles-foncees.jpg\" alt=\"\" class=\"wp-image-3708\" srcset=\"https:\/\/creativ-ariane.fr\/wp-content\/uploads\/2025\/02\/peinture-iles-foncees.jpg 800w, https:\/\/creativ-ariane.fr\/wp-content\/uploads\/2025\/02\/peinture-iles-foncees-300x188.jpg 300w, https:\/\/creativ-ariane.fr\/wp-content\/uploads\/2025\/02\/peinture-iles-foncees-768x480.jpg 768w\" sizes=\"auto, (max-width: 800px) 100vw, 800px\" \/><\/figure>\n\n\n\n<figure class=\"wp-block-image size-large\" data-block-type=\"core\"><img loading=\"lazy\" decoding=\"async\" width=\"800\" height=\"500\" data-id=\"3707\" src=\"https:\/\/creativ-ariane.fr\/wp-content\/uploads\/2025\/02\/peinture-avant-plan-fonce.jpg\" alt=\"\" class=\"wp-image-3707\" srcset=\"https:\/\/creativ-ariane.fr\/wp-content\/uploads\/2025\/02\/peinture-avant-plan-fonce.jpg 800w, https:\/\/creativ-ariane.fr\/wp-content\/uploads\/2025\/02\/peinture-avant-plan-fonce-300x188.jpg 300w, https:\/\/creativ-ariane.fr\/wp-content\/uploads\/2025\/02\/peinture-avant-plan-fonce-768x480.jpg 768w\" sizes=\"auto, (max-width: 800px) 100vw, 800px\" \/><\/figure>\n<\/figure>\n\n\n\n<p><strong>Etape 3 : les d\u00e9tails<\/strong><\/p>\n\n\n\n<p>Sur la mer des petits traits horizontaux, \u00e9galement sur le sable pour simuler les caillous, coquillages, algues &#8230;<\/p>\n\n\n\n<p>Sur l&rsquo;avant plan, je renforce les couleurs et les ombres.<\/p>\n\n\n\n<figure class=\"wp-block-gallery has-nested-images columns-default is-cropped wp-block-gallery-4 is-layout-flex wp-block-gallery-is-layout-flex\" data-block-type=\"core\">\n<figure class=\"wp-block-image size-large\" data-block-type=\"core\"><img loading=\"lazy\" decoding=\"async\" width=\"800\" height=\"500\" data-id=\"3706\" src=\"https:\/\/creativ-ariane.fr\/wp-content\/uploads\/2025\/02\/details-sur-sable.jpg\" alt=\"\" class=\"wp-image-3706\" srcset=\"https:\/\/creativ-ariane.fr\/wp-content\/uploads\/2025\/02\/details-sur-sable.jpg 800w, https:\/\/creativ-ariane.fr\/wp-content\/uploads\/2025\/02\/details-sur-sable-300x188.jpg 300w, https:\/\/creativ-ariane.fr\/wp-content\/uploads\/2025\/02\/details-sur-sable-768x480.jpg 768w\" sizes=\"auto, (max-width: 800px) 100vw, 800px\" \/><\/figure>\n\n\n\n<figure class=\"wp-block-image size-large\" data-block-type=\"core\"><img loading=\"lazy\" decoding=\"async\" width=\"800\" height=\"500\" data-id=\"3704\" src=\"https:\/\/creativ-ariane.fr\/wp-content\/uploads\/2025\/02\/peinture-details-mer.jpg\" alt=\"\" class=\"wp-image-3704\" srcset=\"https:\/\/creativ-ariane.fr\/wp-content\/uploads\/2025\/02\/peinture-details-mer.jpg 800w, https:\/\/creativ-ariane.fr\/wp-content\/uploads\/2025\/02\/peinture-details-mer-300x188.jpg 300w, https:\/\/creativ-ariane.fr\/wp-content\/uploads\/2025\/02\/peinture-details-mer-768x480.jpg 768w\" sizes=\"auto, (max-width: 800px) 100vw, 800px\" \/><\/figure>\n<\/figure>\n\n\n\n<p>L&rsquo;aquarelle termin\u00e9e<\/p>\n\n\n\n<figure class=\"wp-block-image size-full\" data-block-type=\"core\"><img loading=\"lazy\" decoding=\"async\" width=\"800\" height=\"600\" src=\"https:\/\/creativ-ariane.fr\/wp-content\/uploads\/2025\/02\/aquarelle-plage-bratagne@creativeariane.jpg\" alt=\"\" class=\"wp-image-3713\" srcset=\"https:\/\/creativ-ariane.fr\/wp-content\/uploads\/2025\/02\/aquarelle-plage-bratagne@creativeariane.jpg 800w, https:\/\/creativ-ariane.fr\/wp-content\/uploads\/2025\/02\/aquarelle-plage-bratagne@creativeariane-300x225.jpg 300w, https:\/\/creativ-ariane.fr\/wp-content\/uploads\/2025\/02\/aquarelle-plage-bratagne@creativeariane-768x576.jpg 768w\" sizes=\"auto, (max-width: 800px) 100vw, 800px\" \/><\/figure>\n\n\n\n<h2 class=\"wp-block-heading\" data-block-type=\"core\">D&rsquo;autres vid\u00e9os que vous aimerez : <\/h2>\n\n\n\n<ul class=\"wp-block-list\" data-block-type=\"core\">\n<li data-block-type=\"core\"><a href=\"https:\/\/creativ-ariane.fr\/index.php\/2022\/03\/28\/melange-de-couleurs\/\">Le m\u00e9lange des couleurs<\/a><\/li>\n\n\n\n<li data-block-type=\"core\"><a href=\"https:\/\/creativ-ariane.fr\/index.php\/2023\/04\/01\/realiser-4-effets-pour-aquarelle-abstraite\/\">4 effets de mati\u00e8re pour aquarelle abstraite<\/a><\/li>\n\n\n\n<li data-block-type=\"core\"><a href=\"https:\/\/creativ-ariane.fr\/index.php\/2022\/02\/20\/effets-aquarelle-avec-du-sel\/\">Effets au sel<\/a><\/li>\n\n\n\n<li data-block-type=\"core\"><a href=\"https:\/\/creativ-ariane.fr\/index.php\/2022\/04\/27\/des-effets-aquarelle-avec-la-cire\/\">Effets avec de la cire<\/a><\/li>\n<\/ul>\n\n\n\n<p><\/p>\n","protected":false},"excerpt":{"rendered":"<p>Bonjour, Dans ce tuto vid\u00e9o, j&rsquo;ai choisi de peindre un paysage de mer et plage en me referrant \u00e0une photo prise en mai en Bretagne (C\u00f4tes d&rsquo;Armor) \u00e0 Port-Blanc. J&rsquo;utilise la technique s\u00e8che, donc par ajout de couleurs et superpositions. Vous avancerez \u00e9tapes par \u00e9tapes, depuis le dessin jusqu&rsquo;aux d\u00e9tails de finition dans les diverses techniques d&rsquo;aquarelle. Belle d\u00e9couverte ! A vos pinceaux ! Ariane Mat\u00e9riel utilis\u00e9 dans cette aquarelle: Aquarelle \u00e9tape par \u00e9tape Comme tr\u00e8s souvent dans mes aquarelles je vous propose de peindre en partant de couleurs p\u00e2les vers des couleurs fonc\u00e9es, comme je travaille beaucoup par superpositions. De plus, je travaille ici sur 3 plans : le ciel, la mer et plage, l&rsquo;avant plan plus d\u00e9taill\u00e9 J&rsquo;ai choisi ce paysage que j&rsquo;ai photographi\u00e9 lors de vacances en Bretagne. Etape 1 : les couleurs p\u00e2les Le ciel est travaill\u00e9 ici directement sur papier sec, je m\u00e9lange des couleurs, je passe du vaposisateur d&rsquo;eau je m\u00e9lange, je tamponne au chiffon. Je peins avec des tons l\u00e9gers de bleu-vert la mer et jaune de naples le sable, ensuite quelques verts et bruns sur avant plan Etape 2 : couleurs plus fonc\u00e9es J&rsquo;apporte des tons de bruns entre les montants barri\u00e8re avant, sur les iles de fond. Etape 3 : les d\u00e9tails Sur la mer des petits traits horizontaux, \u00e9galement sur le sable pour simuler les caillous, coquillages, algues &#8230; Sur l&rsquo;avant plan, je renforce les couleurs et les ombres. L&rsquo;aquarelle termin\u00e9e D&rsquo;autres vid\u00e9os que vous aimerez :<\/p>\n","protected":false},"author":1,"featured_media":3541,"comment_status":"closed","ping_status":"closed","sticky":false,"template":"","format":"standard","meta":{"_mo_disable_npp":"","_jetpack_memberships_contains_paid_content":false,"footnotes":""},"categories":[6],"tags":[73],"class_list":["post-3537","post","type-post","status-publish","format-standard","has-post-thumbnail","hentry","category-aquarelle","tag-paysage"],"featured_image_urls_v2":{"full":["https:\/\/creativ-ariane.fr\/wp-content\/uploads\/2024\/07\/aquarelle-plage-bratagne@creativeariane.jpg",800,600,false],"thumbnail":["https:\/\/creativ-ariane.fr\/wp-content\/uploads\/2024\/07\/aquarelle-plage-bratagne@creativeariane-150x150.jpg",150,150,true],"medium":["https:\/\/creativ-ariane.fr\/wp-content\/uploads\/2024\/07\/aquarelle-plage-bratagne@creativeariane-300x225.jpg",300,225,true],"medium_large":["https:\/\/creativ-ariane.fr\/wp-content\/uploads\/2024\/07\/aquarelle-plage-bratagne@creativeariane-768x576.jpg",768,576,true],"large":["https:\/\/creativ-ariane.fr\/wp-content\/uploads\/2024\/07\/aquarelle-plage-bratagne@creativeariane.jpg",800,600,false],"1536x1536":["https:\/\/creativ-ariane.fr\/wp-content\/uploads\/2024\/07\/aquarelle-plage-bratagne@creativeariane.jpg",800,600,false],"2048x2048":["https:\/\/creativ-ariane.fr\/wp-content\/uploads\/2024\/07\/aquarelle-plage-bratagne@creativeariane.jpg",800,600,false],"ashe-slider-grid-thumbnail":["https:\/\/creativ-ariane.fr\/wp-content\/uploads\/2024\/07\/aquarelle-plage-bratagne@creativeariane-800x390.jpg",800,390,true],"ashe-full-thumbnail":["https:\/\/creativ-ariane.fr\/wp-content\/uploads\/2024\/07\/aquarelle-plage-bratagne@creativeariane.jpg",800,600,false],"ashe-grid-thumbnail":["https:\/\/creativ-ariane.fr\/wp-content\/uploads\/2024\/07\/aquarelle-plage-bratagne@creativeariane-500x281.jpg",500,281,true],"ashe-list-thumbnail":["https:\/\/creativ-ariane.fr\/wp-content\/uploads\/2024\/07\/aquarelle-plage-bratagne@creativeariane-300x300.jpg",300,300,true],"ashe-single-navigation":["https:\/\/creativ-ariane.fr\/wp-content\/uploads\/2024\/07\/aquarelle-plage-bratagne@creativeariane-75x75.jpg",75,75,true]},"post_excerpt_stackable_v2":"<p>Bonjour, Dans ce tuto vid\u00e9o, j&rsquo;ai choisi de peindre un paysage de mer et plage en me referrant \u00e0une photo prise en mai en Bretagne (C\u00f4tes d&rsquo;Armor) \u00e0 Port-Blanc. J&rsquo;utilise la technique s\u00e8che, donc par ajout de couleurs et superpositions. Vous avancerez \u00e9tapes par \u00e9tapes, depuis le dessin jusqu&rsquo;aux d\u00e9tails de finition dans les diverses techniques d&rsquo;aquarelle. Belle d\u00e9couverte ! A vos pinceaux ! Ariane Mat\u00e9riel utilis\u00e9 dans cette aquarelle: Papier 300 gr Aquarelles extrafines Winsor &amp; Newton pinceaux : lavis, rond , fin vaporisateur d&rsquo;eau et chiffon Aquarelle \u00e9tape par \u00e9tape Comme tr\u00e8s souvent dans mes aquarelles je vous\u2026<\/p>\n","category_list_v2":"<a href=\"https:\/\/creativ-ariane.fr\/index.php\/category\/aquarelle\/\" rel=\"category tag\">Aquarelle<\/a>","author_info_v2":{"name":"Creativ'Ariane","url":"https:\/\/creativ-ariane.fr\/index.php\/author\/admin6017\/"},"comments_num_v2":"0 commentaire","yoast_head":"<!-- This site is optimized with the Yoast SEO plugin v27.5 - https:\/\/yoast.com\/product\/yoast-seo-wordpress\/ -->\n<title>Paysage de plage en Bretagne ! - Creativ&#039;Ariane<\/title>\n<meta name=\"description\" content=\"Comment peindre un paysage de plage et de mer \u00e0 l&#039;aquarelle. Suivez ce tuto sur une plage de Bretagne, en pas \u00e0 pas.\" \/>\n<meta name=\"robots\" content=\"index, follow, max-snippet:-1, max-image-preview:large, max-video-preview:-1\" \/>\n<link rel=\"canonical\" href=\"https:\/\/creativ-ariane.fr\/index.php\/2024\/07\/29\/paysage-de-plage-en-bretagne\/\" \/>\n<meta property=\"og:locale\" content=\"fr_FR\" \/>\n<meta property=\"og:type\" content=\"article\" \/>\n<meta property=\"og:title\" content=\"Paysage de plage en Bretagne ! - Creativ&#039;Ariane\" \/>\n<meta property=\"og:description\" content=\"Comment peindre un paysage de plage et de mer \u00e0 l&#039;aquarelle. Suivez ce tuto sur une plage de Bretagne, en pas \u00e0 pas.\" \/>\n<meta property=\"og:url\" content=\"https:\/\/creativ-ariane.fr\/index.php\/2024\/07\/29\/paysage-de-plage-en-bretagne\/\" \/>\n<meta property=\"og:site_name\" content=\"Creativ&#039;Ariane\" \/>\n<meta property=\"article:published_time\" content=\"2024-07-29T17:54:54+00:00\" \/>\n<meta property=\"article:modified_time\" content=\"2025-04-07T07:44:21+00:00\" \/>\n<meta property=\"og:image\" content=\"https:\/\/creativ-ariane.fr\/wp-content\/uploads\/2024\/07\/aquarelle-plage-bratagne@creativeariane.jpg\" \/>\n\t<meta property=\"og:image:width\" content=\"800\" \/>\n\t<meta property=\"og:image:height\" content=\"600\" \/>\n\t<meta property=\"og:image:type\" content=\"image\/jpeg\" \/>\n<meta name=\"author\" content=\"Creativ&#039;Ariane\" \/>\n<meta name=\"twitter:card\" content=\"summary_large_image\" \/>\n<meta name=\"twitter:label1\" content=\"\u00c9crit par\" \/>\n\t<meta name=\"twitter:data1\" content=\"Creativ&#039;Ariane\" \/>\n\t<meta name=\"twitter:label2\" content=\"Dur\u00e9e de lecture estim\u00e9e\" \/>\n\t<meta name=\"twitter:data2\" content=\"4 minutes\" \/>\n<script type=\"application\/ld+json\" class=\"yoast-schema-graph\">{\"@context\":\"https:\\\/\\\/schema.org\",\"@graph\":[{\"@type\":\"Article\",\"@id\":\"https:\\\/\\\/creativ-ariane.fr\\\/index.php\\\/2024\\\/07\\\/29\\\/paysage-de-plage-en-bretagne\\\/#article\",\"isPartOf\":{\"@id\":\"https:\\\/\\\/creativ-ariane.fr\\\/index.php\\\/2024\\\/07\\\/29\\\/paysage-de-plage-en-bretagne\\\/\"},\"author\":{\"name\":\"Creativ'Ariane\",\"@id\":\"https:\\\/\\\/creativ-ariane.fr\\\/#\\\/schema\\\/person\\\/1befd623fcab198cb8ce79dca25545e4\"},\"headline\":\"Paysage de plage en Bretagne !\",\"datePublished\":\"2024-07-29T17:54:54+00:00\",\"dateModified\":\"2025-04-07T07:44:21+00:00\",\"mainEntityOfPage\":{\"@id\":\"https:\\\/\\\/creativ-ariane.fr\\\/index.php\\\/2024\\\/07\\\/29\\\/paysage-de-plage-en-bretagne\\\/\"},\"wordCount\":293,\"publisher\":{\"@id\":\"https:\\\/\\\/creativ-ariane.fr\\\/#\\\/schema\\\/person\\\/1befd623fcab198cb8ce79dca25545e4\"},\"image\":{\"@id\":\"https:\\\/\\\/creativ-ariane.fr\\\/index.php\\\/2024\\\/07\\\/29\\\/paysage-de-plage-en-bretagne\\\/#primaryimage\"},\"thumbnailUrl\":\"https:\\\/\\\/creativ-ariane.fr\\\/wp-content\\\/uploads\\\/2024\\\/07\\\/aquarelle-plage-bratagne@creativeariane.jpg\",\"keywords\":[\"paysage\"],\"articleSection\":[\"Aquarelle\"],\"inLanguage\":\"fr-FR\"},{\"@type\":\"WebPage\",\"@id\":\"https:\\\/\\\/creativ-ariane.fr\\\/index.php\\\/2024\\\/07\\\/29\\\/paysage-de-plage-en-bretagne\\\/\",\"url\":\"https:\\\/\\\/creativ-ariane.fr\\\/index.php\\\/2024\\\/07\\\/29\\\/paysage-de-plage-en-bretagne\\\/\",\"name\":\"Paysage de plage en Bretagne ! - Creativ&#039;Ariane\",\"isPartOf\":{\"@id\":\"https:\\\/\\\/creativ-ariane.fr\\\/#website\"},\"primaryImageOfPage\":{\"@id\":\"https:\\\/\\\/creativ-ariane.fr\\\/index.php\\\/2024\\\/07\\\/29\\\/paysage-de-plage-en-bretagne\\\/#primaryimage\"},\"image\":{\"@id\":\"https:\\\/\\\/creativ-ariane.fr\\\/index.php\\\/2024\\\/07\\\/29\\\/paysage-de-plage-en-bretagne\\\/#primaryimage\"},\"thumbnailUrl\":\"https:\\\/\\\/creativ-ariane.fr\\\/wp-content\\\/uploads\\\/2024\\\/07\\\/aquarelle-plage-bratagne@creativeariane.jpg\",\"datePublished\":\"2024-07-29T17:54:54+00:00\",\"dateModified\":\"2025-04-07T07:44:21+00:00\",\"description\":\"Comment peindre un paysage de plage et de mer \u00e0 l'aquarelle. Suivez ce tuto sur une plage de Bretagne, en pas \u00e0 pas.\",\"breadcrumb\":{\"@id\":\"https:\\\/\\\/creativ-ariane.fr\\\/index.php\\\/2024\\\/07\\\/29\\\/paysage-de-plage-en-bretagne\\\/#breadcrumb\"},\"inLanguage\":\"fr-FR\",\"potentialAction\":[{\"@type\":\"ReadAction\",\"target\":[\"https:\\\/\\\/creativ-ariane.fr\\\/index.php\\\/2024\\\/07\\\/29\\\/paysage-de-plage-en-bretagne\\\/\"]}]},{\"@type\":\"ImageObject\",\"inLanguage\":\"fr-FR\",\"@id\":\"https:\\\/\\\/creativ-ariane.fr\\\/index.php\\\/2024\\\/07\\\/29\\\/paysage-de-plage-en-bretagne\\\/#primaryimage\",\"url\":\"https:\\\/\\\/creativ-ariane.fr\\\/wp-content\\\/uploads\\\/2024\\\/07\\\/aquarelle-plage-bratagne@creativeariane.jpg\",\"contentUrl\":\"https:\\\/\\\/creativ-ariane.fr\\\/wp-content\\\/uploads\\\/2024\\\/07\\\/aquarelle-plage-bratagne@creativeariane.jpg\",\"width\":800,\"height\":600,\"caption\":\"aquarelle plage bretagne@creativeariane\"},{\"@type\":\"BreadcrumbList\",\"@id\":\"https:\\\/\\\/creativ-ariane.fr\\\/index.php\\\/2024\\\/07\\\/29\\\/paysage-de-plage-en-bretagne\\\/#breadcrumb\",\"itemListElement\":[{\"@type\":\"ListItem\",\"position\":1,\"name\":\"Accueil\",\"item\":\"https:\\\/\\\/creativ-ariane.fr\\\/\"},{\"@type\":\"ListItem\",\"position\":2,\"name\":\"Paysage de plage en Bretagne !\"}]},{\"@type\":\"WebSite\",\"@id\":\"https:\\\/\\\/creativ-ariane.fr\\\/#website\",\"url\":\"https:\\\/\\\/creativ-ariane.fr\\\/\",\"name\":\"Creativ-Ariane\",\"description\":\"Des tutos dessin, aquarelle et scrapbooking et histoires des fleurs et voyages\",\"publisher\":{\"@id\":\"https:\\\/\\\/creativ-ariane.fr\\\/#\\\/schema\\\/person\\\/1befd623fcab198cb8ce79dca25545e4\"},\"potentialAction\":[{\"@type\":\"SearchAction\",\"target\":{\"@type\":\"EntryPoint\",\"urlTemplate\":\"https:\\\/\\\/creativ-ariane.fr\\\/?s={search_term_string}\"},\"query-input\":{\"@type\":\"PropertyValueSpecification\",\"valueRequired\":true,\"valueName\":\"search_term_string\"}}],\"inLanguage\":\"fr-FR\"},{\"@type\":[\"Person\",\"Organization\"],\"@id\":\"https:\\\/\\\/creativ-ariane.fr\\\/#\\\/schema\\\/person\\\/1befd623fcab198cb8ce79dca25545e4\",\"name\":\"Creativ'Ariane\",\"image\":{\"@type\":\"ImageObject\",\"inLanguage\":\"fr-FR\",\"@id\":\"https:\\\/\\\/creativ-ariane.fr\\\/wp-content\\\/uploads\\\/2020\\\/08\\\/cropped-logo-1-creativ-ariane-1.png\",\"url\":\"https:\\\/\\\/creativ-ariane.fr\\\/wp-content\\\/uploads\\\/2020\\\/08\\\/cropped-logo-1-creativ-ariane-1.png\",\"contentUrl\":\"https:\\\/\\\/creativ-ariane.fr\\\/wp-content\\\/uploads\\\/2020\\\/08\\\/cropped-logo-1-creativ-ariane-1.png\",\"width\":1496,\"height\":572,\"caption\":\"Creativ'Ariane\"},\"logo\":{\"@id\":\"https:\\\/\\\/creativ-ariane.fr\\\/wp-content\\\/uploads\\\/2020\\\/08\\\/cropped-logo-1-creativ-ariane-1.png\"},\"description\":\"ARIANE, EDITRICE DE CONTENU De formation artistique et digitale, je vous emm\u00e8ne dans ma passion des histoires de fleurs et de voyage, mais aussi dans l\u2019art pour mieux les d\u00e9couvrir et apprendre \u00e0 les peindre.\",\"sameAs\":[\"https:\\\/\\\/www.youtube.com\\\/channel\\\/UCfK82o7zAGaBsr2CnZsMA-w\"]}]}<\/script>\n<!-- \/ Yoast SEO plugin. -->","yoast_head_json":{"title":"Paysage de plage en Bretagne ! - Creativ&#039;Ariane","description":"Comment peindre un paysage de plage et de mer \u00e0 l'aquarelle. Suivez ce tuto sur une plage de Bretagne, en pas \u00e0 pas.","robots":{"index":"index","follow":"follow","max-snippet":"max-snippet:-1","max-image-preview":"max-image-preview:large","max-video-preview":"max-video-preview:-1"},"canonical":"https:\/\/creativ-ariane.fr\/index.php\/2024\/07\/29\/paysage-de-plage-en-bretagne\/","og_locale":"fr_FR","og_type":"article","og_title":"Paysage de plage en Bretagne ! - Creativ&#039;Ariane","og_description":"Comment peindre un paysage de plage et de mer \u00e0 l'aquarelle. Suivez ce tuto sur une plage de Bretagne, en pas \u00e0 pas.","og_url":"https:\/\/creativ-ariane.fr\/index.php\/2024\/07\/29\/paysage-de-plage-en-bretagne\/","og_site_name":"Creativ&#039;Ariane","article_published_time":"2024-07-29T17:54:54+00:00","article_modified_time":"2025-04-07T07:44:21+00:00","og_image":[{"width":800,"height":600,"url":"https:\/\/creativ-ariane.fr\/wp-content\/uploads\/2024\/07\/aquarelle-plage-bratagne@creativeariane.jpg","type":"image\/jpeg"}],"author":"Creativ'Ariane","twitter_card":"summary_large_image","twitter_misc":{"\u00c9crit par":"Creativ'Ariane","Dur\u00e9e de lecture estim\u00e9e":"4 minutes"},"schema":{"@context":"https:\/\/schema.org","@graph":[{"@type":"Article","@id":"https:\/\/creativ-ariane.fr\/index.php\/2024\/07\/29\/paysage-de-plage-en-bretagne\/#article","isPartOf":{"@id":"https:\/\/creativ-ariane.fr\/index.php\/2024\/07\/29\/paysage-de-plage-en-bretagne\/"},"author":{"name":"Creativ'Ariane","@id":"https:\/\/creativ-ariane.fr\/#\/schema\/person\/1befd623fcab198cb8ce79dca25545e4"},"headline":"Paysage de plage en Bretagne !","datePublished":"2024-07-29T17:54:54+00:00","dateModified":"2025-04-07T07:44:21+00:00","mainEntityOfPage":{"@id":"https:\/\/creativ-ariane.fr\/index.php\/2024\/07\/29\/paysage-de-plage-en-bretagne\/"},"wordCount":293,"publisher":{"@id":"https:\/\/creativ-ariane.fr\/#\/schema\/person\/1befd623fcab198cb8ce79dca25545e4"},"image":{"@id":"https:\/\/creativ-ariane.fr\/index.php\/2024\/07\/29\/paysage-de-plage-en-bretagne\/#primaryimage"},"thumbnailUrl":"https:\/\/creativ-ariane.fr\/wp-content\/uploads\/2024\/07\/aquarelle-plage-bratagne@creativeariane.jpg","keywords":["paysage"],"articleSection":["Aquarelle"],"inLanguage":"fr-FR"},{"@type":"WebPage","@id":"https:\/\/creativ-ariane.fr\/index.php\/2024\/07\/29\/paysage-de-plage-en-bretagne\/","url":"https:\/\/creativ-ariane.fr\/index.php\/2024\/07\/29\/paysage-de-plage-en-bretagne\/","name":"Paysage de plage en Bretagne ! - Creativ&#039;Ariane","isPartOf":{"@id":"https:\/\/creativ-ariane.fr\/#website"},"primaryImageOfPage":{"@id":"https:\/\/creativ-ariane.fr\/index.php\/2024\/07\/29\/paysage-de-plage-en-bretagne\/#primaryimage"},"image":{"@id":"https:\/\/creativ-ariane.fr\/index.php\/2024\/07\/29\/paysage-de-plage-en-bretagne\/#primaryimage"},"thumbnailUrl":"https:\/\/creativ-ariane.fr\/wp-content\/uploads\/2024\/07\/aquarelle-plage-bratagne@creativeariane.jpg","datePublished":"2024-07-29T17:54:54+00:00","dateModified":"2025-04-07T07:44:21+00:00","description":"Comment peindre un paysage de plage et de mer \u00e0 l'aquarelle. Suivez ce tuto sur une plage de Bretagne, en pas \u00e0 pas.","breadcrumb":{"@id":"https:\/\/creativ-ariane.fr\/index.php\/2024\/07\/29\/paysage-de-plage-en-bretagne\/#breadcrumb"},"inLanguage":"fr-FR","potentialAction":[{"@type":"ReadAction","target":["https:\/\/creativ-ariane.fr\/index.php\/2024\/07\/29\/paysage-de-plage-en-bretagne\/"]}]},{"@type":"ImageObject","inLanguage":"fr-FR","@id":"https:\/\/creativ-ariane.fr\/index.php\/2024\/07\/29\/paysage-de-plage-en-bretagne\/#primaryimage","url":"https:\/\/creativ-ariane.fr\/wp-content\/uploads\/2024\/07\/aquarelle-plage-bratagne@creativeariane.jpg","contentUrl":"https:\/\/creativ-ariane.fr\/wp-content\/uploads\/2024\/07\/aquarelle-plage-bratagne@creativeariane.jpg","width":800,"height":600,"caption":"aquarelle plage bretagne@creativeariane"},{"@type":"BreadcrumbList","@id":"https:\/\/creativ-ariane.fr\/index.php\/2024\/07\/29\/paysage-de-plage-en-bretagne\/#breadcrumb","itemListElement":[{"@type":"ListItem","position":1,"name":"Accueil","item":"https:\/\/creativ-ariane.fr\/"},{"@type":"ListItem","position":2,"name":"Paysage de plage en Bretagne !"}]},{"@type":"WebSite","@id":"https:\/\/creativ-ariane.fr\/#website","url":"https:\/\/creativ-ariane.fr\/","name":"Creativ-Ariane","description":"Des tutos dessin, aquarelle et scrapbooking et histoires des fleurs et voyages","publisher":{"@id":"https:\/\/creativ-ariane.fr\/#\/schema\/person\/1befd623fcab198cb8ce79dca25545e4"},"potentialAction":[{"@type":"SearchAction","target":{"@type":"EntryPoint","urlTemplate":"https:\/\/creativ-ariane.fr\/?s={search_term_string}"},"query-input":{"@type":"PropertyValueSpecification","valueRequired":true,"valueName":"search_term_string"}}],"inLanguage":"fr-FR"},{"@type":["Person","Organization"],"@id":"https:\/\/creativ-ariane.fr\/#\/schema\/person\/1befd623fcab198cb8ce79dca25545e4","name":"Creativ'Ariane","image":{"@type":"ImageObject","inLanguage":"fr-FR","@id":"https:\/\/creativ-ariane.fr\/wp-content\/uploads\/2020\/08\/cropped-logo-1-creativ-ariane-1.png","url":"https:\/\/creativ-ariane.fr\/wp-content\/uploads\/2020\/08\/cropped-logo-1-creativ-ariane-1.png","contentUrl":"https:\/\/creativ-ariane.fr\/wp-content\/uploads\/2020\/08\/cropped-logo-1-creativ-ariane-1.png","width":1496,"height":572,"caption":"Creativ'Ariane"},"logo":{"@id":"https:\/\/creativ-ariane.fr\/wp-content\/uploads\/2020\/08\/cropped-logo-1-creativ-ariane-1.png"},"description":"ARIANE, EDITRICE DE CONTENU De formation artistique et digitale, je vous emm\u00e8ne dans ma passion des histoires de fleurs et de voyage, mais aussi dans l\u2019art pour mieux les d\u00e9couvrir et apprendre \u00e0 les peindre.","sameAs":["https:\/\/www.youtube.com\/channel\/UCfK82o7zAGaBsr2CnZsMA-w"]}]}},"jetpack_featured_media_url":"https:\/\/creativ-ariane.fr\/wp-content\/uploads\/2024\/07\/aquarelle-plage-bratagne@creativeariane.jpg","acf":[],"jetpack_sharing_enabled":true,"_links":{"self":[{"href":"https:\/\/creativ-ariane.fr\/index.php\/wp-json\/wp\/v2\/posts\/3537","targetHints":{"allow":["GET"]}}],"collection":[{"href":"https:\/\/creativ-ariane.fr\/index.php\/wp-json\/wp\/v2\/posts"}],"about":[{"href":"https:\/\/creativ-ariane.fr\/index.php\/wp-json\/wp\/v2\/types\/post"}],"author":[{"embeddable":true,"href":"https:\/\/creativ-ariane.fr\/index.php\/wp-json\/wp\/v2\/users\/1"}],"replies":[{"embeddable":true,"href":"https:\/\/creativ-ariane.fr\/index.php\/wp-json\/wp\/v2\/comments?post=3537"}],"version-history":[{"count":5,"href":"https:\/\/creativ-ariane.fr\/index.php\/wp-json\/wp\/v2\/posts\/3537\/revisions"}],"predecessor-version":[{"id":3755,"href":"https:\/\/creativ-ariane.fr\/index.php\/wp-json\/wp\/v2\/posts\/3537\/revisions\/3755"}],"wp:featuredmedia":[{"embeddable":true,"href":"https:\/\/creativ-ariane.fr\/index.php\/wp-json\/wp\/v2\/media\/3541"}],"wp:attachment":[{"href":"https:\/\/creativ-ariane.fr\/index.php\/wp-json\/wp\/v2\/media?parent=3537"}],"wp:term":[{"taxonomy":"category","embeddable":true,"href":"https:\/\/creativ-ariane.fr\/index.php\/wp-json\/wp\/v2\/categories?post=3537"},{"taxonomy":"post_tag","embeddable":true,"href":"https:\/\/creativ-ariane.fr\/index.php\/wp-json\/wp\/v2\/tags?post=3537"}],"curies":[{"name":"wp","href":"https:\/\/api.w.org\/{rel}","templated":true}]}}