{"id":784,"date":"2020-07-22T10:10:00","date_gmt":"2020-07-22T08:10:00","guid":{"rendered":"http:\/\/creativ-ariane.fr\/?p=784"},"modified":"2020-12-28T15:52:32","modified_gmt":"2020-12-28T14:52:32","slug":"lys-histoire-fleur-de-lys-peintre-sandro-boticelli-aquarelle","status":"publish","type":"post","link":"https:\/\/creativ-ariane.fr\/index.php\/2020\/07\/22\/lys-histoire-fleur-de-lys-peintre-sandro-boticelli-aquarelle\/","title":{"rendered":"Le lys : histoire de la fleur de lys, du peintre Sandro Boticelli et aquarelle"},"content":{"rendered":"\n<figure class=\"wp-block-embed is-type-video is-provider-youtube wp-block-embed-youtube wp-embed-aspect-16-9 wp-has-aspect-ratio\"><div class=\"wp-block-embed__wrapper\">\n<iframe loading=\"lazy\" title=\"Le Lys \u2013 une histoire, un tableau et aquarelle facile\" width=\"960\" height=\"540\" src=\"https:\/\/www.youtube.com\/embed\/x_0YBVzV_Do?feature=oembed\" frameborder=\"0\" allow=\"accelerometer; autoplay; clipboard-write; encrypted-media; gyroscope; picture-in-picture\" allowfullscreen><\/iframe>\n<\/div><\/figure>\n\n\n\n<p>Dans cette vid\u00e9o, je vous emm\u00e8ne \u00e0 la d\u00e9couverte de cette fleur majestueuse : le lys. On la retrouve en symbole de la puret\u00e9 et virginit\u00e9 de Marie. On la retrouve aussi dans la mythologie, et dans l&rsquo;histoire &#8230; comme fleur de lys, embl\u00e8me de la royaut\u00e9. <br>Le voyage ensuite nous transporte \u00e0 Florence au 15\u00e8me si\u00e8cle o\u00f9 Sandro Boticelli peint l&rsquo;Annonciation de Cestello, dans lequel l&rsquo;ange Gabriel annonce \u00e0 la Vierge Marie qu&rsquo;elle aura bient\u00f4t un enfant du nom de J\u00e9sus. <\/p>\n\n\n\n<figure class=\"wp-block-image size-large is-resized\" data-block-type=\"core\"><img loading=\"lazy\" decoding=\"async\" src=\"http:\/\/creativ-ariane.fr\/wp-content\/uploads\/2020\/11\/Sandro_Botticelli_083.jpg\" alt=\"\" class=\"wp-image-791\" width=\"227\" height=\"248\" srcset=\"https:\/\/creativ-ariane.fr\/wp-content\/uploads\/2020\/11\/Sandro_Botticelli_083.jpg 431w, https:\/\/creativ-ariane.fr\/wp-content\/uploads\/2020\/11\/Sandro_Botticelli_083-275x300.jpg 275w\" sizes=\"auto, (max-width: 227px) 100vw, 227px\" \/><\/figure>\n\n\n\n<figure class=\"wp-block-image size-large\" data-block-type=\"core\"><img loading=\"lazy\" decoding=\"async\" width=\"500\" height=\"471\" src=\"http:\/\/creativ-ariane.fr\/wp-content\/uploads\/2020\/11\/Botticelli_annunciazione_di_cestello_02.jpg\" alt=\"\" class=\"wp-image-792\" srcset=\"https:\/\/creativ-ariane.fr\/wp-content\/uploads\/2020\/11\/Botticelli_annunciazione_di_cestello_02.jpg 500w, https:\/\/creativ-ariane.fr\/wp-content\/uploads\/2020\/11\/Botticelli_annunciazione_di_cestello_02-300x283.jpg 300w\" sizes=\"auto, (max-width: 500px) 100vw, 500px\" \/><\/figure>\n\n\n\n<h2 class=\"wp-block-heading\" data-block-type=\"core\">R\u00e9alisation de l&rsquo;aquarelle du lys<\/h2>\n\n\n\n<figure class=\"wp-block-image size-large\" data-block-type=\"core\"><img loading=\"lazy\" decoding=\"async\" width=\"1024\" height=\"830\" src=\"http:\/\/creativ-ariane.fr\/wp-content\/uploads\/2020\/11\/50173176-a225-4dee-b481-2d6c046abd79.jpeg\" alt=\"\" class=\"wp-image-805\" srcset=\"https:\/\/creativ-ariane.fr\/wp-content\/uploads\/2020\/11\/50173176-a225-4dee-b481-2d6c046abd79.jpeg 1024w, https:\/\/creativ-ariane.fr\/wp-content\/uploads\/2020\/11\/50173176-a225-4dee-b481-2d6c046abd79-300x243.jpeg 300w, https:\/\/creativ-ariane.fr\/wp-content\/uploads\/2020\/11\/50173176-a225-4dee-b481-2d6c046abd79-768x623.jpeg 768w, https:\/\/creativ-ariane.fr\/wp-content\/uploads\/2020\/11\/50173176-a225-4dee-b481-2d6c046abd79-600x486.jpeg 600w\" sizes=\"auto, (max-width: 1024px) 100vw, 1024px\" \/><\/figure>\n\n\n\n<p>Vous d\u00e9couvrirez dans la seconde partie de la vid\u00e9o, un tuto de r\u00e9alisation facile de l&rsquo;aquarelle du lys. J&rsquo;ai choisi comme mod\u00e8le un sujet orange tr\u00e8s vif, tr\u00e8s lumineux.<\/p>\n\n\n\n<figure class=\"wp-block-image size-large\" data-block-type=\"core\"><img loading=\"lazy\" decoding=\"async\" width=\"800\" height=\"500\" src=\"http:\/\/creativ-ariane.fr\/wp-content\/uploads\/2020\/11\/aquarelle-finie-1.jpg\" alt=\"\" class=\"wp-image-790\" srcset=\"https:\/\/creativ-ariane.fr\/wp-content\/uploads\/2020\/11\/aquarelle-finie-1.jpg 800w, https:\/\/creativ-ariane.fr\/wp-content\/uploads\/2020\/11\/aquarelle-finie-1-300x188.jpg 300w, https:\/\/creativ-ariane.fr\/wp-content\/uploads\/2020\/11\/aquarelle-finie-1-768x480.jpg 768w, https:\/\/creativ-ariane.fr\/wp-content\/uploads\/2020\/11\/aquarelle-finie-1-600x375.jpg 600w\" sizes=\"auto, (max-width: 800px) 100vw, 800px\" \/><\/figure>\n\n\n\n<p>Je vais vous en montrer ci-dessous les diff\u00e9rentes \u00e9tapes de r\u00e9alisation de l&rsquo;aquarelle.<\/p>\n\n\n\n<p><strong>Etape 1 : dessin du lys <\/strong>et pose de masquage (drawing gum) ainsi que pr\u00e9paration d&rsquo;une palette de tons (des oranges et des verts bleut\u00e9s).<\/p>\n\n\n\n<figure class=\"wp-block-image size-large\" data-block-type=\"core\"><img loading=\"lazy\" decoding=\"async\" width=\"800\" height=\"500\" src=\"http:\/\/creativ-ariane.fr\/wp-content\/uploads\/2020\/11\/dessin-lys.png\" alt=\"\" class=\"wp-image-806\" srcset=\"https:\/\/creativ-ariane.fr\/wp-content\/uploads\/2020\/11\/dessin-lys.png 800w, https:\/\/creativ-ariane.fr\/wp-content\/uploads\/2020\/11\/dessin-lys-300x188.png 300w, https:\/\/creativ-ariane.fr\/wp-content\/uploads\/2020\/11\/dessin-lys-768x480.png 768w, https:\/\/creativ-ariane.fr\/wp-content\/uploads\/2020\/11\/dessin-lys-600x375.png 600w\" sizes=\"auto, (max-width: 800px) 100vw, 800px\" \/><\/figure>\n\n\n\n<figure class=\"wp-block-image size-large is-style-default\" data-block-type=\"core\"><img loading=\"lazy\" decoding=\"async\" width=\"800\" height=\"500\" src=\"http:\/\/creativ-ariane.fr\/wp-content\/uploads\/2020\/11\/lys-drawing-gum.jpg\" alt=\"\" class=\"wp-image-804\" srcset=\"https:\/\/creativ-ariane.fr\/wp-content\/uploads\/2020\/11\/lys-drawing-gum.jpg 800w, https:\/\/creativ-ariane.fr\/wp-content\/uploads\/2020\/11\/lys-drawing-gum-300x188.jpg 300w, https:\/\/creativ-ariane.fr\/wp-content\/uploads\/2020\/11\/lys-drawing-gum-768x480.jpg 768w, https:\/\/creativ-ariane.fr\/wp-content\/uploads\/2020\/11\/lys-drawing-gum-600x375.jpg 600w\" sizes=\"auto, (max-width: 800px) 100vw, 800px\" \/><\/figure>\n\n\n\n<p><strong>Etape 2 : je pose les tons clairs de orange.<\/strong><\/p>\n\n\n\n<figure class=\"wp-block-image size-large\" data-block-type=\"core\"><img loading=\"lazy\" decoding=\"async\" width=\"800\" height=\"500\" src=\"http:\/\/creativ-ariane.fr\/wp-content\/uploads\/2020\/11\/aquarelle-fleur-lys-debut.jpg\" alt=\"\" class=\"wp-image-793\" srcset=\"https:\/\/creativ-ariane.fr\/wp-content\/uploads\/2020\/11\/aquarelle-fleur-lys-debut.jpg 800w, https:\/\/creativ-ariane.fr\/wp-content\/uploads\/2020\/11\/aquarelle-fleur-lys-debut-300x188.jpg 300w, https:\/\/creativ-ariane.fr\/wp-content\/uploads\/2020\/11\/aquarelle-fleur-lys-debut-768x480.jpg 768w, https:\/\/creativ-ariane.fr\/wp-content\/uploads\/2020\/11\/aquarelle-fleur-lys-debut-600x375.jpg 600w\" sizes=\"auto, (max-width: 800px) 100vw, 800px\" \/><\/figure>\n\n\n\n<p><\/p>\n\n\n\n<p><strong>Etape 3  <\/strong>: je continue \u00e0 peindre les diff\u00e9rentes nuances de orange<\/p>\n\n\n\n<figure class=\"wp-block-image size-large is-style-default\" data-block-type=\"core\"><img loading=\"lazy\" decoding=\"async\" width=\"800\" height=\"500\" src=\"http:\/\/creativ-ariane.fr\/wp-content\/uploads\/2020\/11\/lys-aquarelle-orange.jpg\" alt=\"\" class=\"wp-image-803\" srcset=\"https:\/\/creativ-ariane.fr\/wp-content\/uploads\/2020\/11\/lys-aquarelle-orange.jpg 800w, https:\/\/creativ-ariane.fr\/wp-content\/uploads\/2020\/11\/lys-aquarelle-orange-300x188.jpg 300w, https:\/\/creativ-ariane.fr\/wp-content\/uploads\/2020\/11\/lys-aquarelle-orange-768x480.jpg 768w, https:\/\/creativ-ariane.fr\/wp-content\/uploads\/2020\/11\/lys-aquarelle-orange-600x375.jpg 600w\" sizes=\"auto, (max-width: 800px) 100vw, 800px\" \/><\/figure>\n\n\n\n<p><strong>Etape 4 : je r\u00e9alise le fond<\/strong> en fon\u00e7ant au fur et \u00e0 mesure pr\u00e8s de la fleur.<\/p>\n\n\n\n<figure class=\"wp-block-image size-large is-style-default\" data-block-type=\"core\"><img loading=\"lazy\" decoding=\"async\" width=\"800\" height=\"500\" src=\"http:\/\/creativ-ariane.fr\/wp-content\/uploads\/2020\/11\/fond-lys-1.jpg\" alt=\"\" class=\"wp-image-797\" srcset=\"https:\/\/creativ-ariane.fr\/wp-content\/uploads\/2020\/11\/fond-lys-1.jpg 800w, https:\/\/creativ-ariane.fr\/wp-content\/uploads\/2020\/11\/fond-lys-1-300x188.jpg 300w, https:\/\/creativ-ariane.fr\/wp-content\/uploads\/2020\/11\/fond-lys-1-768x480.jpg 768w, https:\/\/creativ-ariane.fr\/wp-content\/uploads\/2020\/11\/fond-lys-1-600x375.jpg 600w\" sizes=\"auto, (max-width: 800px) 100vw, 800px\" \/><\/figure>\n\n\n\n<p><strong>Etape 5 : Je r\u00e9alise les feuilles et les \u00e9l\u00e9ments de d\u00e9tails<\/strong> comme foncer les bords des p\u00e9tales et peindre les pistils avec du noir.<\/p>\n\n\n\n<figure class=\"wp-block-image size-large is-style-default\" data-block-type=\"core\"><img loading=\"lazy\" decoding=\"async\" width=\"800\" height=\"500\" src=\"http:\/\/creativ-ariane.fr\/wp-content\/uploads\/2020\/11\/details-fleurs-bords.jpg\" alt=\"\" class=\"wp-image-796\" srcset=\"https:\/\/creativ-ariane.fr\/wp-content\/uploads\/2020\/11\/details-fleurs-bords.jpg 800w, https:\/\/creativ-ariane.fr\/wp-content\/uploads\/2020\/11\/details-fleurs-bords-300x188.jpg 300w, https:\/\/creativ-ariane.fr\/wp-content\/uploads\/2020\/11\/details-fleurs-bords-768x480.jpg 768w, https:\/\/creativ-ariane.fr\/wp-content\/uploads\/2020\/11\/details-fleurs-bords-600x375.jpg 600w\" sizes=\"auto, (max-width: 800px) 100vw, 800px\" \/><\/figure>\n\n\n\n<figure class=\"wp-block-image size-large is-style-default\" data-block-type=\"core\"><img loading=\"lazy\" decoding=\"async\" width=\"800\" height=\"500\" src=\"http:\/\/creativ-ariane.fr\/wp-content\/uploads\/2020\/11\/lys-aquarelle-feuilles.jpg\" alt=\"\" class=\"wp-image-799\" srcset=\"https:\/\/creativ-ariane.fr\/wp-content\/uploads\/2020\/11\/lys-aquarelle-feuilles.jpg 800w, https:\/\/creativ-ariane.fr\/wp-content\/uploads\/2020\/11\/lys-aquarelle-feuilles-300x188.jpg 300w, https:\/\/creativ-ariane.fr\/wp-content\/uploads\/2020\/11\/lys-aquarelle-feuilles-768x480.jpg 768w, https:\/\/creativ-ariane.fr\/wp-content\/uploads\/2020\/11\/lys-aquarelle-feuilles-600x375.jpg 600w\" sizes=\"auto, (max-width: 800px) 100vw, 800px\" \/><\/figure>\n\n\n\n<p><strong>Etape 6 : je vais faire un marque page<\/strong> \u00e0 offrir avec mon aquarelle. Je pr\u00e9apre un message et un carton dessin de couleur l\u00e9g\u00e8rement plus grand, sur lequel je colle mon aquarelle.<\/p>\n\n\n\n<figure class=\"wp-block-image size-large is-style-default\" data-block-type=\"core\"><img loading=\"lazy\" decoding=\"async\" width=\"800\" height=\"501\" src=\"http:\/\/creativ-ariane.fr\/wp-content\/uploads\/2020\/11\/lys-carte-message.jpg\" alt=\"\" class=\"wp-image-800\" srcset=\"https:\/\/creativ-ariane.fr\/wp-content\/uploads\/2020\/11\/lys-carte-message.jpg 800w, https:\/\/creativ-ariane.fr\/wp-content\/uploads\/2020\/11\/lys-carte-message-300x188.jpg 300w, https:\/\/creativ-ariane.fr\/wp-content\/uploads\/2020\/11\/lys-carte-message-768x481.jpg 768w, https:\/\/creativ-ariane.fr\/wp-content\/uploads\/2020\/11\/lys-carte-message-600x376.jpg 600w\" sizes=\"auto, (max-width: 800px) 100vw, 800px\" \/><\/figure>\n\n\n\n<figure class=\"wp-block-image size-large is-style-default\" data-block-type=\"core\"><img loading=\"lazy\" decoding=\"async\" width=\"800\" height=\"500\" src=\"http:\/\/creativ-ariane.fr\/wp-content\/uploads\/2020\/11\/carte-lys-message-et-palette.jpg\" alt=\"\" class=\"wp-image-795\" srcset=\"https:\/\/creativ-ariane.fr\/wp-content\/uploads\/2020\/11\/carte-lys-message-et-palette.jpg 800w, https:\/\/creativ-ariane.fr\/wp-content\/uploads\/2020\/11\/carte-lys-message-et-palette-300x188.jpg 300w, https:\/\/creativ-ariane.fr\/wp-content\/uploads\/2020\/11\/carte-lys-message-et-palette-768x480.jpg 768w, https:\/\/creativ-ariane.fr\/wp-content\/uploads\/2020\/11\/carte-lys-message-et-palette-600x375.jpg 600w\" sizes=\"auto, (max-width: 800px) 100vw, 800px\" \/><\/figure>\n\n\n\n<p>Tr\u00e8s bonne r\u00e9alisation de cette fleur marque-page lys.<\/p>\n","protected":false},"excerpt":{"rendered":"<p>Dans cette vid\u00e9o, je vous emm\u00e8ne \u00e0 la d\u00e9couverte de cette fleur majestueuse : le lys. On la retrouve en symbole de la puret\u00e9 et virginit\u00e9 de Marie. On la retrouve aussi dans la mythologie, et dans l&rsquo;histoire &#8230; comme fleur de lys, embl\u00e8me de la royaut\u00e9. Le voyage ensuite nous transporte \u00e0 Florence au 15\u00e8me si\u00e8cle o\u00f9 Sandro Boticelli peint l&rsquo;Annonciation de Cestello, dans lequel l&rsquo;ange Gabriel annonce \u00e0 la Vierge Marie qu&rsquo;elle aura bient\u00f4t un enfant du nom de J\u00e9sus. R\u00e9alisation de l&rsquo;aquarelle du lys Vous d\u00e9couvrirez dans la seconde partie de la vid\u00e9o, un tuto de r\u00e9alisation facile de l&rsquo;aquarelle du lys. J&rsquo;ai choisi comme mod\u00e8le un sujet orange tr\u00e8s vif, tr\u00e8s lumineux. Je vais vous en montrer ci-dessous les diff\u00e9rentes \u00e9tapes de r\u00e9alisation de l&rsquo;aquarelle. Etape 1 : dessin du lys et pose de masquage (drawing gum) ainsi que pr\u00e9paration d&rsquo;une palette de tons (des oranges et des verts bleut\u00e9s). Etape 2 : je pose les tons clairs de orange. Etape 3 : je continue \u00e0 peindre les diff\u00e9rentes nuances de orange Etape 4 : je r\u00e9alise le fond en fon\u00e7ant au fur et \u00e0 mesure pr\u00e8s de la fleur. Etape 5 : Je r\u00e9alise les feuilles et les \u00e9l\u00e9ments de d\u00e9tails comme foncer les bords des p\u00e9tales et peindre les pistils avec du noir. Etape 6 : je vais faire un marque page \u00e0 offrir avec mon aquarelle. Je pr\u00e9apre un message et un carton dessin de couleur l\u00e9g\u00e8rement plus grand, sur lequel je colle mon aquarelle. Tr\u00e8s bonne r\u00e9alisation de cette fleur marque-page lys.<\/p>\n","protected":false},"author":1,"featured_media":808,"comment_status":"closed","ping_status":"closed","sticky":false,"template":"","format":"standard","meta":{"_mo_disable_npp":"","_jetpack_memberships_contains_paid_content":false,"footnotes":""},"categories":[6,4],"tags":[],"class_list":["post-784","post","type-post","status-publish","format-standard","has-post-thumbnail","hentry","category-aquarelle","category-fleurs-histoire-peinture"],"featured_image_urls_v2":{"full":["https:\/\/creativ-ariane.fr\/wp-content\/uploads\/2020\/11\/premiere-tuto-aquarelle-lys-v2.jpg",1920,1080,false],"thumbnail":["https:\/\/creativ-ariane.fr\/wp-content\/uploads\/2020\/11\/premiere-tuto-aquarelle-lys-v2-150x150.jpg",150,150,true],"medium":["https:\/\/creativ-ariane.fr\/wp-content\/uploads\/2020\/11\/premiere-tuto-aquarelle-lys-v2-300x169.jpg",300,169,true],"medium_large":["https:\/\/creativ-ariane.fr\/wp-content\/uploads\/2020\/11\/premiere-tuto-aquarelle-lys-v2-768x432.jpg",768,432,true],"large":["https:\/\/creativ-ariane.fr\/wp-content\/uploads\/2020\/11\/premiere-tuto-aquarelle-lys-v2-1024x576.jpg",960,540,true],"1536x1536":["https:\/\/creativ-ariane.fr\/wp-content\/uploads\/2020\/11\/premiere-tuto-aquarelle-lys-v2-1536x864.jpg",1536,864,true],"2048x2048":["https:\/\/creativ-ariane.fr\/wp-content\/uploads\/2020\/11\/premiere-tuto-aquarelle-lys-v2.jpg",1920,1080,false],"ashe-slider-grid-thumbnail":["https:\/\/creativ-ariane.fr\/wp-content\/uploads\/2020\/11\/premiere-tuto-aquarelle-lys-v2-700x450.jpg",607,390,true],"ashe-full-thumbnail":["https:\/\/creativ-ariane.fr\/wp-content\/uploads\/2020\/11\/premiere-tuto-aquarelle-lys-v2-1140x641.jpg",1140,641,true],"ashe-grid-thumbnail":["https:\/\/creativ-ariane.fr\/wp-content\/uploads\/2020\/11\/premiere-tuto-aquarelle-lys-v2-500x281.jpg",500,281,true],"ashe-list-thumbnail":["https:\/\/creativ-ariane.fr\/wp-content\/uploads\/2020\/11\/premiere-tuto-aquarelle-lys-v2-300x300.jpg",300,300,true],"ashe-single-navigation":["https:\/\/creativ-ariane.fr\/wp-content\/uploads\/2020\/11\/premiere-tuto-aquarelle-lys-v2-75x75.jpg",75,75,true]},"post_excerpt_stackable_v2":"<p>Dans cette vid\u00e9o, je vous emm\u00e8ne \u00e0 la d\u00e9couverte de cette fleur majestueuse : le lys. On la retrouve en symbole de la puret\u00e9 et virginit\u00e9 de Marie. On la retrouve aussi dans la mythologie, et dans l&rsquo;histoire &#8230; comme fleur de lys, embl\u00e8me de la royaut\u00e9. Le voyage ensuite nous transporte \u00e0 Florence au 15\u00e8me si\u00e8cle o\u00f9 Sandro Boticelli peint l&rsquo;Annonciation de Cestello, dans lequel l&rsquo;ange Gabriel annonce \u00e0 la Vierge Marie qu&rsquo;elle aura bient\u00f4t un enfant du nom de J\u00e9sus. R\u00e9alisation de l&rsquo;aquarelle du lys Vous d\u00e9couvrirez dans la seconde partie de la vid\u00e9o, un tuto de r\u00e9alisation\u2026<\/p>\n","category_list_v2":"<a href=\"https:\/\/creativ-ariane.fr\/index.php\/category\/aquarelle\/\" rel=\"category tag\">Aquarelle<\/a>, <a href=\"https:\/\/creativ-ariane.fr\/index.php\/category\/fleurs-histoire-peinture\/\" rel=\"category tag\">Fleurs histoire et peinture<\/a>","author_info_v2":{"name":"Creativ'Ariane","url":"https:\/\/creativ-ariane.fr\/index.php\/author\/admin6017\/"},"comments_num_v2":"0 commentaire","yoast_head":"<!-- This site is optimized with the Yoast SEO plugin v27.5 - https:\/\/yoast.com\/product\/yoast-seo-wordpress\/ -->\n<title>Le lys : histoire de la fleur de lys, du peintre Sandro Boticelli et aquarelle - Creativ&#039;Ariane<\/title>\n<meta name=\"description\" content=\"Je propose l&#039;histoire du lys et du peintre Sandro Boticelli. J&#039;enseigne comment le dessiner et le peindre facilement \u00e0 l&#039;aquarelle.\" \/>\n<meta name=\"robots\" content=\"index, follow, max-snippet:-1, max-image-preview:large, max-video-preview:-1\" \/>\n<link rel=\"canonical\" href=\"https:\/\/creativ-ariane.fr\/index.php\/2020\/07\/22\/lys-histoire-fleur-de-lys-peintre-sandro-boticelli-aquarelle\/\" \/>\n<meta property=\"og:locale\" content=\"fr_FR\" \/>\n<meta property=\"og:type\" content=\"article\" \/>\n<meta property=\"og:title\" content=\"Le lys : histoire de la fleur de lys, du peintre Sandro Boticelli et aquarelle - Creativ&#039;Ariane\" \/>\n<meta property=\"og:description\" content=\"Je propose l&#039;histoire du lys et du peintre Sandro Boticelli. J&#039;enseigne comment le dessiner et le peindre facilement \u00e0 l&#039;aquarelle.\" \/>\n<meta property=\"og:url\" content=\"https:\/\/creativ-ariane.fr\/index.php\/2020\/07\/22\/lys-histoire-fleur-de-lys-peintre-sandro-boticelli-aquarelle\/\" \/>\n<meta property=\"og:site_name\" content=\"Creativ&#039;Ariane\" \/>\n<meta property=\"article:published_time\" content=\"2020-07-22T08:10:00+00:00\" \/>\n<meta property=\"article:modified_time\" content=\"2020-12-28T14:52:32+00:00\" \/>\n<meta property=\"og:image\" content=\"https:\/\/creativ-ariane.fr\/wp-content\/uploads\/2020\/11\/premiere-tuto-aquarelle-lys-v2.jpg\" \/>\n\t<meta property=\"og:image:width\" content=\"1920\" \/>\n\t<meta property=\"og:image:height\" content=\"1080\" \/>\n\t<meta property=\"og:image:type\" content=\"image\/jpeg\" \/>\n<meta name=\"author\" content=\"Creativ&#039;Ariane\" \/>\n<meta name=\"twitter:card\" content=\"summary_large_image\" \/>\n<meta name=\"twitter:label1\" content=\"\u00c9crit par\" \/>\n\t<meta name=\"twitter:data1\" content=\"Creativ&#039;Ariane\" \/>\n\t<meta name=\"twitter:label2\" content=\"Dur\u00e9e de lecture estim\u00e9e\" \/>\n\t<meta name=\"twitter:data2\" content=\"1 minute\" \/>\n<script type=\"application\/ld+json\" class=\"yoast-schema-graph\">{\"@context\":\"https:\\\/\\\/schema.org\",\"@graph\":[{\"@type\":\"Article\",\"@id\":\"https:\\\/\\\/creativ-ariane.fr\\\/index.php\\\/2020\\\/07\\\/22\\\/lys-histoire-fleur-de-lys-peintre-sandro-boticelli-aquarelle\\\/#article\",\"isPartOf\":{\"@id\":\"https:\\\/\\\/creativ-ariane.fr\\\/index.php\\\/2020\\\/07\\\/22\\\/lys-histoire-fleur-de-lys-peintre-sandro-boticelli-aquarelle\\\/\"},\"author\":{\"name\":\"Creativ'Ariane\",\"@id\":\"https:\\\/\\\/creativ-ariane.fr\\\/#\\\/schema\\\/person\\\/1befd623fcab198cb8ce79dca25545e4\"},\"headline\":\"Le lys : histoire de la fleur de lys, du peintre Sandro Boticelli et aquarelle\",\"datePublished\":\"2020-07-22T08:10:00+00:00\",\"dateModified\":\"2020-12-28T14:52:32+00:00\",\"mainEntityOfPage\":{\"@id\":\"https:\\\/\\\/creativ-ariane.fr\\\/index.php\\\/2020\\\/07\\\/22\\\/lys-histoire-fleur-de-lys-peintre-sandro-boticelli-aquarelle\\\/\"},\"wordCount\":291,\"publisher\":{\"@id\":\"https:\\\/\\\/creativ-ariane.fr\\\/#\\\/schema\\\/person\\\/1befd623fcab198cb8ce79dca25545e4\"},\"image\":{\"@id\":\"https:\\\/\\\/creativ-ariane.fr\\\/index.php\\\/2020\\\/07\\\/22\\\/lys-histoire-fleur-de-lys-peintre-sandro-boticelli-aquarelle\\\/#primaryimage\"},\"thumbnailUrl\":\"https:\\\/\\\/creativ-ariane.fr\\\/wp-content\\\/uploads\\\/2020\\\/11\\\/premiere-tuto-aquarelle-lys-v2.jpg\",\"articleSection\":[\"Aquarelle\",\"Fleurs histoire et peinture\"],\"inLanguage\":\"fr-FR\"},{\"@type\":\"WebPage\",\"@id\":\"https:\\\/\\\/creativ-ariane.fr\\\/index.php\\\/2020\\\/07\\\/22\\\/lys-histoire-fleur-de-lys-peintre-sandro-boticelli-aquarelle\\\/\",\"url\":\"https:\\\/\\\/creativ-ariane.fr\\\/index.php\\\/2020\\\/07\\\/22\\\/lys-histoire-fleur-de-lys-peintre-sandro-boticelli-aquarelle\\\/\",\"name\":\"Le lys : histoire de la fleur de lys, du peintre Sandro Boticelli et aquarelle - Creativ&#039;Ariane\",\"isPartOf\":{\"@id\":\"https:\\\/\\\/creativ-ariane.fr\\\/#website\"},\"primaryImageOfPage\":{\"@id\":\"https:\\\/\\\/creativ-ariane.fr\\\/index.php\\\/2020\\\/07\\\/22\\\/lys-histoire-fleur-de-lys-peintre-sandro-boticelli-aquarelle\\\/#primaryimage\"},\"image\":{\"@id\":\"https:\\\/\\\/creativ-ariane.fr\\\/index.php\\\/2020\\\/07\\\/22\\\/lys-histoire-fleur-de-lys-peintre-sandro-boticelli-aquarelle\\\/#primaryimage\"},\"thumbnailUrl\":\"https:\\\/\\\/creativ-ariane.fr\\\/wp-content\\\/uploads\\\/2020\\\/11\\\/premiere-tuto-aquarelle-lys-v2.jpg\",\"datePublished\":\"2020-07-22T08:10:00+00:00\",\"dateModified\":\"2020-12-28T14:52:32+00:00\",\"description\":\"Je propose l'histoire du lys et du peintre Sandro Boticelli. J'enseigne comment le dessiner et le peindre facilement \u00e0 l'aquarelle.\",\"breadcrumb\":{\"@id\":\"https:\\\/\\\/creativ-ariane.fr\\\/index.php\\\/2020\\\/07\\\/22\\\/lys-histoire-fleur-de-lys-peintre-sandro-boticelli-aquarelle\\\/#breadcrumb\"},\"inLanguage\":\"fr-FR\",\"potentialAction\":[{\"@type\":\"ReadAction\",\"target\":[\"https:\\\/\\\/creativ-ariane.fr\\\/index.php\\\/2020\\\/07\\\/22\\\/lys-histoire-fleur-de-lys-peintre-sandro-boticelli-aquarelle\\\/\"]}]},{\"@type\":\"ImageObject\",\"inLanguage\":\"fr-FR\",\"@id\":\"https:\\\/\\\/creativ-ariane.fr\\\/index.php\\\/2020\\\/07\\\/22\\\/lys-histoire-fleur-de-lys-peintre-sandro-boticelli-aquarelle\\\/#primaryimage\",\"url\":\"https:\\\/\\\/creativ-ariane.fr\\\/wp-content\\\/uploads\\\/2020\\\/11\\\/premiere-tuto-aquarelle-lys-v2.jpg\",\"contentUrl\":\"https:\\\/\\\/creativ-ariane.fr\\\/wp-content\\\/uploads\\\/2020\\\/11\\\/premiere-tuto-aquarelle-lys-v2.jpg\",\"width\":1920,\"height\":1080},{\"@type\":\"BreadcrumbList\",\"@id\":\"https:\\\/\\\/creativ-ariane.fr\\\/index.php\\\/2020\\\/07\\\/22\\\/lys-histoire-fleur-de-lys-peintre-sandro-boticelli-aquarelle\\\/#breadcrumb\",\"itemListElement\":[{\"@type\":\"ListItem\",\"position\":1,\"name\":\"Accueil\",\"item\":\"https:\\\/\\\/creativ-ariane.fr\\\/\"},{\"@type\":\"ListItem\",\"position\":2,\"name\":\"Le lys : histoire de la fleur de lys, du peintre Sandro Boticelli et aquarelle\"}]},{\"@type\":\"WebSite\",\"@id\":\"https:\\\/\\\/creativ-ariane.fr\\\/#website\",\"url\":\"https:\\\/\\\/creativ-ariane.fr\\\/\",\"name\":\"Creativ-Ariane\",\"description\":\"Des tutos dessin, aquarelle et scrapbooking et histoires des fleurs et voyages\",\"publisher\":{\"@id\":\"https:\\\/\\\/creativ-ariane.fr\\\/#\\\/schema\\\/person\\\/1befd623fcab198cb8ce79dca25545e4\"},\"potentialAction\":[{\"@type\":\"SearchAction\",\"target\":{\"@type\":\"EntryPoint\",\"urlTemplate\":\"https:\\\/\\\/creativ-ariane.fr\\\/?s={search_term_string}\"},\"query-input\":{\"@type\":\"PropertyValueSpecification\",\"valueRequired\":true,\"valueName\":\"search_term_string\"}}],\"inLanguage\":\"fr-FR\"},{\"@type\":[\"Person\",\"Organization\"],\"@id\":\"https:\\\/\\\/creativ-ariane.fr\\\/#\\\/schema\\\/person\\\/1befd623fcab198cb8ce79dca25545e4\",\"name\":\"Creativ'Ariane\",\"image\":{\"@type\":\"ImageObject\",\"inLanguage\":\"fr-FR\",\"@id\":\"https:\\\/\\\/creativ-ariane.fr\\\/wp-content\\\/uploads\\\/2020\\\/08\\\/cropped-logo-1-creativ-ariane-1.png\",\"url\":\"https:\\\/\\\/creativ-ariane.fr\\\/wp-content\\\/uploads\\\/2020\\\/08\\\/cropped-logo-1-creativ-ariane-1.png\",\"contentUrl\":\"https:\\\/\\\/creativ-ariane.fr\\\/wp-content\\\/uploads\\\/2020\\\/08\\\/cropped-logo-1-creativ-ariane-1.png\",\"width\":1496,\"height\":572,\"caption\":\"Creativ'Ariane\"},\"logo\":{\"@id\":\"https:\\\/\\\/creativ-ariane.fr\\\/wp-content\\\/uploads\\\/2020\\\/08\\\/cropped-logo-1-creativ-ariane-1.png\"},\"description\":\"ARIANE, EDITRICE DE CONTENU De formation artistique et digitale, je vous emm\u00e8ne dans ma passion des histoires de fleurs et de voyage, mais aussi dans l\u2019art pour mieux les d\u00e9couvrir et apprendre \u00e0 les peindre.\",\"sameAs\":[\"https:\\\/\\\/www.youtube.com\\\/channel\\\/UCfK82o7zAGaBsr2CnZsMA-w\"]}]}<\/script>\n<!-- \/ Yoast SEO plugin. -->","yoast_head_json":{"title":"Le lys : histoire de la fleur de lys, du peintre Sandro Boticelli et aquarelle - Creativ&#039;Ariane","description":"Je propose l'histoire du lys et du peintre Sandro Boticelli. J'enseigne comment le dessiner et le peindre facilement \u00e0 l'aquarelle.","robots":{"index":"index","follow":"follow","max-snippet":"max-snippet:-1","max-image-preview":"max-image-preview:large","max-video-preview":"max-video-preview:-1"},"canonical":"https:\/\/creativ-ariane.fr\/index.php\/2020\/07\/22\/lys-histoire-fleur-de-lys-peintre-sandro-boticelli-aquarelle\/","og_locale":"fr_FR","og_type":"article","og_title":"Le lys : histoire de la fleur de lys, du peintre Sandro Boticelli et aquarelle - Creativ&#039;Ariane","og_description":"Je propose l'histoire du lys et du peintre Sandro Boticelli. J'enseigne comment le dessiner et le peindre facilement \u00e0 l'aquarelle.","og_url":"https:\/\/creativ-ariane.fr\/index.php\/2020\/07\/22\/lys-histoire-fleur-de-lys-peintre-sandro-boticelli-aquarelle\/","og_site_name":"Creativ&#039;Ariane","article_published_time":"2020-07-22T08:10:00+00:00","article_modified_time":"2020-12-28T14:52:32+00:00","og_image":[{"width":1920,"height":1080,"url":"https:\/\/creativ-ariane.fr\/wp-content\/uploads\/2020\/11\/premiere-tuto-aquarelle-lys-v2.jpg","type":"image\/jpeg"}],"author":"Creativ'Ariane","twitter_card":"summary_large_image","twitter_misc":{"\u00c9crit par":"Creativ'Ariane","Dur\u00e9e de lecture estim\u00e9e":"1 minute"},"schema":{"@context":"https:\/\/schema.org","@graph":[{"@type":"Article","@id":"https:\/\/creativ-ariane.fr\/index.php\/2020\/07\/22\/lys-histoire-fleur-de-lys-peintre-sandro-boticelli-aquarelle\/#article","isPartOf":{"@id":"https:\/\/creativ-ariane.fr\/index.php\/2020\/07\/22\/lys-histoire-fleur-de-lys-peintre-sandro-boticelli-aquarelle\/"},"author":{"name":"Creativ'Ariane","@id":"https:\/\/creativ-ariane.fr\/#\/schema\/person\/1befd623fcab198cb8ce79dca25545e4"},"headline":"Le lys : histoire de la fleur de lys, du peintre Sandro Boticelli et aquarelle","datePublished":"2020-07-22T08:10:00+00:00","dateModified":"2020-12-28T14:52:32+00:00","mainEntityOfPage":{"@id":"https:\/\/creativ-ariane.fr\/index.php\/2020\/07\/22\/lys-histoire-fleur-de-lys-peintre-sandro-boticelli-aquarelle\/"},"wordCount":291,"publisher":{"@id":"https:\/\/creativ-ariane.fr\/#\/schema\/person\/1befd623fcab198cb8ce79dca25545e4"},"image":{"@id":"https:\/\/creativ-ariane.fr\/index.php\/2020\/07\/22\/lys-histoire-fleur-de-lys-peintre-sandro-boticelli-aquarelle\/#primaryimage"},"thumbnailUrl":"https:\/\/creativ-ariane.fr\/wp-content\/uploads\/2020\/11\/premiere-tuto-aquarelle-lys-v2.jpg","articleSection":["Aquarelle","Fleurs histoire et peinture"],"inLanguage":"fr-FR"},{"@type":"WebPage","@id":"https:\/\/creativ-ariane.fr\/index.php\/2020\/07\/22\/lys-histoire-fleur-de-lys-peintre-sandro-boticelli-aquarelle\/","url":"https:\/\/creativ-ariane.fr\/index.php\/2020\/07\/22\/lys-histoire-fleur-de-lys-peintre-sandro-boticelli-aquarelle\/","name":"Le lys : histoire de la fleur de lys, du peintre Sandro Boticelli et aquarelle - Creativ&#039;Ariane","isPartOf":{"@id":"https:\/\/creativ-ariane.fr\/#website"},"primaryImageOfPage":{"@id":"https:\/\/creativ-ariane.fr\/index.php\/2020\/07\/22\/lys-histoire-fleur-de-lys-peintre-sandro-boticelli-aquarelle\/#primaryimage"},"image":{"@id":"https:\/\/creativ-ariane.fr\/index.php\/2020\/07\/22\/lys-histoire-fleur-de-lys-peintre-sandro-boticelli-aquarelle\/#primaryimage"},"thumbnailUrl":"https:\/\/creativ-ariane.fr\/wp-content\/uploads\/2020\/11\/premiere-tuto-aquarelle-lys-v2.jpg","datePublished":"2020-07-22T08:10:00+00:00","dateModified":"2020-12-28T14:52:32+00:00","description":"Je propose l'histoire du lys et du peintre Sandro Boticelli. J'enseigne comment le dessiner et le peindre facilement \u00e0 l'aquarelle.","breadcrumb":{"@id":"https:\/\/creativ-ariane.fr\/index.php\/2020\/07\/22\/lys-histoire-fleur-de-lys-peintre-sandro-boticelli-aquarelle\/#breadcrumb"},"inLanguage":"fr-FR","potentialAction":[{"@type":"ReadAction","target":["https:\/\/creativ-ariane.fr\/index.php\/2020\/07\/22\/lys-histoire-fleur-de-lys-peintre-sandro-boticelli-aquarelle\/"]}]},{"@type":"ImageObject","inLanguage":"fr-FR","@id":"https:\/\/creativ-ariane.fr\/index.php\/2020\/07\/22\/lys-histoire-fleur-de-lys-peintre-sandro-boticelli-aquarelle\/#primaryimage","url":"https:\/\/creativ-ariane.fr\/wp-content\/uploads\/2020\/11\/premiere-tuto-aquarelle-lys-v2.jpg","contentUrl":"https:\/\/creativ-ariane.fr\/wp-content\/uploads\/2020\/11\/premiere-tuto-aquarelle-lys-v2.jpg","width":1920,"height":1080},{"@type":"BreadcrumbList","@id":"https:\/\/creativ-ariane.fr\/index.php\/2020\/07\/22\/lys-histoire-fleur-de-lys-peintre-sandro-boticelli-aquarelle\/#breadcrumb","itemListElement":[{"@type":"ListItem","position":1,"name":"Accueil","item":"https:\/\/creativ-ariane.fr\/"},{"@type":"ListItem","position":2,"name":"Le lys : histoire de la fleur de lys, du peintre Sandro Boticelli et aquarelle"}]},{"@type":"WebSite","@id":"https:\/\/creativ-ariane.fr\/#website","url":"https:\/\/creativ-ariane.fr\/","name":"Creativ-Ariane","description":"Des tutos dessin, aquarelle et scrapbooking et histoires des fleurs et voyages","publisher":{"@id":"https:\/\/creativ-ariane.fr\/#\/schema\/person\/1befd623fcab198cb8ce79dca25545e4"},"potentialAction":[{"@type":"SearchAction","target":{"@type":"EntryPoint","urlTemplate":"https:\/\/creativ-ariane.fr\/?s={search_term_string}"},"query-input":{"@type":"PropertyValueSpecification","valueRequired":true,"valueName":"search_term_string"}}],"inLanguage":"fr-FR"},{"@type":["Person","Organization"],"@id":"https:\/\/creativ-ariane.fr\/#\/schema\/person\/1befd623fcab198cb8ce79dca25545e4","name":"Creativ'Ariane","image":{"@type":"ImageObject","inLanguage":"fr-FR","@id":"https:\/\/creativ-ariane.fr\/wp-content\/uploads\/2020\/08\/cropped-logo-1-creativ-ariane-1.png","url":"https:\/\/creativ-ariane.fr\/wp-content\/uploads\/2020\/08\/cropped-logo-1-creativ-ariane-1.png","contentUrl":"https:\/\/creativ-ariane.fr\/wp-content\/uploads\/2020\/08\/cropped-logo-1-creativ-ariane-1.png","width":1496,"height":572,"caption":"Creativ'Ariane"},"logo":{"@id":"https:\/\/creativ-ariane.fr\/wp-content\/uploads\/2020\/08\/cropped-logo-1-creativ-ariane-1.png"},"description":"ARIANE, EDITRICE DE CONTENU De formation artistique et digitale, je vous emm\u00e8ne dans ma passion des histoires de fleurs et de voyage, mais aussi dans l\u2019art pour mieux les d\u00e9couvrir et apprendre \u00e0 les peindre.","sameAs":["https:\/\/www.youtube.com\/channel\/UCfK82o7zAGaBsr2CnZsMA-w"]}]}},"jetpack_featured_media_url":"https:\/\/creativ-ariane.fr\/wp-content\/uploads\/2020\/11\/premiere-tuto-aquarelle-lys-v2.jpg","acf":[],"jetpack_sharing_enabled":true,"_links":{"self":[{"href":"https:\/\/creativ-ariane.fr\/index.php\/wp-json\/wp\/v2\/posts\/784","targetHints":{"allow":["GET"]}}],"collection":[{"href":"https:\/\/creativ-ariane.fr\/index.php\/wp-json\/wp\/v2\/posts"}],"about":[{"href":"https:\/\/creativ-ariane.fr\/index.php\/wp-json\/wp\/v2\/types\/post"}],"author":[{"embeddable":true,"href":"https:\/\/creativ-ariane.fr\/index.php\/wp-json\/wp\/v2\/users\/1"}],"replies":[{"embeddable":true,"href":"https:\/\/creativ-ariane.fr\/index.php\/wp-json\/wp\/v2\/comments?post=784"}],"version-history":[{"count":3,"href":"https:\/\/creativ-ariane.fr\/index.php\/wp-json\/wp\/v2\/posts\/784\/revisions"}],"predecessor-version":[{"id":1288,"href":"https:\/\/creativ-ariane.fr\/index.php\/wp-json\/wp\/v2\/posts\/784\/revisions\/1288"}],"wp:featuredmedia":[{"embeddable":true,"href":"https:\/\/creativ-ariane.fr\/index.php\/wp-json\/wp\/v2\/media\/808"}],"wp:attachment":[{"href":"https:\/\/creativ-ariane.fr\/index.php\/wp-json\/wp\/v2\/media?parent=784"}],"wp:term":[{"taxonomy":"category","embeddable":true,"href":"https:\/\/creativ-ariane.fr\/index.php\/wp-json\/wp\/v2\/categories?post=784"},{"taxonomy":"post_tag","embeddable":true,"href":"https:\/\/creativ-ariane.fr\/index.php\/wp-json\/wp\/v2\/tags?post=784"}],"curies":[{"name":"wp","href":"https:\/\/api.w.org\/{rel}","templated":true}]}}